{"id":15539,"date":"2023-10-21T13:19:13","date_gmt":"2023-10-21T11:19:13","guid":{"rendered":"https:\/\/technews.al\/?p=15539"},"modified":"2023-10-17T13:20:06","modified_gmt":"2023-10-17T11:20:06","slug":"apple-pritet-te-sjelle-nje-version-me-te-perballueshem-te-vision-pro","status":"publish","type":"post","link":"https:\/\/technews.al\/?p=15539","title":{"rendered":"Apple pritet t\u00eb sjell\u00eb nj\u00eb version m\u00eb t\u00eb p\u00ebrballuesh\u00ebm t\u00eb Vision Pro"},"content":{"rendered":"\n<p class=\"has-drop-cap\">Apple raportohet se po mendon mbi publikimin e nj\u00eb pajisjeje m\u00eb buxhetore Vision Pro. Ky version mund t\u00eb vij\u00eb me m\u00eb pak kamera t\u00eb jashtme, t\u00eb mos ket\u00eb ve\u00e7ori EyeSight dhe t\u00eb p\u00ebrdor\u00eb nj\u00eb \u00e7ip iPhone n\u00eb vend t\u00eb atij aktual t\u00eb Mac. Sipas Mark Gurman, nga Bloomberg, kjo l\u00ebvizje synon t\u00eb ul\u00eb \u00e7mimin n\u00eb nj\u00eb interval prej 1500 deri n\u00eb 2500 dollar\u00eb. Versioni ekzistues Vision Pro, i parashikuar t\u00eb jet\u00eb i disponuesh\u00ebm nga fillimi i vitit 2024, ka nj\u00eb \u00e7mim fillestar prej 3,500 dollar\u00ebsh.<\/p>\n\n\n\n<p>Gurman p\u00ebrmendi m\u00eb par\u00eb se ky Vision Pro kosto efektiv mund t\u00eb p\u00ebrdor\u00eb ekrane me rezolucion m\u00eb t\u00eb ul\u00ebt. Ve\u00e7an\u00ebrisht, mund t\u00eb p\u00ebrjashtoj\u00eb ekranin e jasht\u00ebm p\u00ebrgjegj\u00ebs p\u00ebr ve\u00e7orin\u00eb EyeSight. Kjo ve\u00e7ori unike projekton syt\u00eb e p\u00ebrdoruesit n\u00eb nj\u00eb ekran t\u00eb jasht\u00ebm OLED, duke i lejuar t\u00eb tjer\u00ebt t\u00eb dallojn\u00eb se ku po shikon p\u00ebrdoruesi. Pavar\u00ebsisht se ishte nj\u00eb moment i r\u00ebnd\u00ebsish\u00ebm gjat\u00eb zbulimit t\u00eb Vision Pro, mungesa e tij nuk do t\u00eb ishte nj\u00eb humbje e r\u00ebnd\u00ebsishme.<\/p>\n\n\n\n<p>P\u00ebr m\u00eb tep\u00ebr, Gurman l\u00eb t\u00eb kuptohet p\u00ebr nj\u00eb pasardh\u00ebs t\u00eb Vision Pro. Ky model i ardhsh\u00ebm do t\u00eb ruaj\u00eb ve\u00e7orin\u00eb EyeSight dhe mund t\u00eb ket\u00eb nj\u00eb dizajn m\u00eb t\u00eb efektsh\u00ebm. Gjithashtu, ky model mund t\u00eb ofroj\u00eb potencialisht lente t\u00eb integruara si nj\u00eb alternativ\u00eb ndaj lenteve aktuale Zeiss.<\/p>\n\n\n\n<figure class=\"wp-block-embed is-type-video is-provider-youtube wp-block-embed-youtube wp-embed-aspect-16-9 wp-has-aspect-ratio\"><div class=\"wp-block-embed__wrapper\">\n<iframe loading=\"lazy\" title=\"Introducing Apple Vision Pro\" width=\"788\" height=\"443\" src=\"https:\/\/www.youtube.com\/embed\/TX9qSaGXFyg?feature=oembed\" frameborder=\"0\" allow=\"accelerometer; autoplay; clipboard-write; encrypted-media; gyroscope; picture-in-picture; web-share\" allowfullscreen><\/iframe>\n<\/div><\/figure>\n\n\n\n<p>P\u00ebr entuziast\u00ebt shqiptar\u00eb t\u00eb teknologjis\u00eb, ky lajm n\u00ebnkupton angazhimin e Apple p\u00ebr ta b\u00ebr\u00eb teknologjin\u00eb e avancuar m\u00eb t\u00eb aksesueshme p\u00ebr nj\u00eb audienc\u00eb m\u00eb t\u00eb gjer\u00eb.<\/p>\n","protected":false},"excerpt":{"rendered":"<p>Apple raportohet se po mendon mbi publikimin e nj\u00eb pajisjeje m\u00eb buxhetore Vision Pro. Ky version mund t\u00eb vij\u00eb me m\u00eb pak kamera t\u00eb jashtme, t\u00eb mos ket\u00eb ve\u00e7ori EyeSight dhe t\u00eb p\u00ebrdor\u00eb nj\u00eb \u00e7ip iPhone n\u00eb vend t\u00eb atij aktual t\u00eb Mac. Sipas Mark Gurman, nga Bloomberg, kjo l\u00ebvizje synon t\u00eb ul\u00eb \u00e7mimin n\u00eb<\/p>\n","protected":false},"author":4,"featured_media":2627,"comment_status":"open","ping_status":"open","sticky":false,"template":"","format":"standard","meta":{"footnotes":""},"categories":[35],"tags":[40],"class_list":{"0":"post-15539","1":"post","2":"type-post","3":"status-publish","4":"format-standard","5":"has-post-thumbnail","7":"category-gadgets","8":"tag-featured"},"yoast_head":"<!-- This site is optimized with the Yoast SEO plugin v22.4 - https:\/\/yoast.com\/wordpress\/plugins\/seo\/ -->\n<title>Apple pritet t\u00eb sjell\u00eb nj\u00eb version m\u00eb t\u00eb p\u00ebrballuesh\u00ebm t\u00eb Vision Pro - Technews.al<\/title>\n<meta name=\"robots\" content=\"index, follow, max-snippet:-1, max-image-preview:large, max-video-preview:-1\" \/>\n<link rel=\"canonical\" href=\"https:\/\/technews.al\/?p=15539\" \/>\n<meta property=\"og:locale\" content=\"en_US\" \/>\n<meta property=\"og:type\" content=\"article\" \/>\n<meta property=\"og:title\" content=\"Apple pritet t\u00eb sjell\u00eb nj\u00eb version m\u00eb t\u00eb p\u00ebrballuesh\u00ebm t\u00eb Vision Pro - Technews.al\" \/>\n<meta property=\"og:description\" content=\"Apple raportohet se po mendon mbi publikimin e nj\u00eb pajisjeje m\u00eb buxhetore Vision Pro. Ky version mund t\u00eb vij\u00eb me m\u00eb pak kamera t\u00eb jashtme, t\u00eb mos ket\u00eb ve\u00e7ori EyeSight dhe t\u00eb p\u00ebrdor\u00eb nj\u00eb \u00e7ip iPhone n\u00eb vend t\u00eb atij aktual t\u00eb Mac. Sipas Mark Gurman, nga Bloomberg, kjo l\u00ebvizje synon t\u00eb ul\u00eb \u00e7mimin n\u00eb\" \/>\n<meta property=\"og:url\" content=\"https:\/\/technews.al\/?p=15539\" \/>\n<meta property=\"og:site_name\" content=\"Technews.al\" \/>\n<meta property=\"article:published_time\" content=\"2023-10-21T11:19:13+00:00\" \/>\n<meta property=\"article:modified_time\" content=\"2023-10-17T11:20:06+00:00\" \/>\n<meta property=\"og:image\" content=\"https:\/\/technews.al\/wp-content\/uploads\/2022\/11\/112922962_apple.jpg\" \/>\n\t<meta property=\"og:image:width\" content=\"976\" \/>\n\t<meta property=\"og:image:height\" content=\"549\" \/>\n\t<meta property=\"og:image:type\" content=\"image\/jpeg\" \/>\n<meta name=\"author\" content=\"Tech Expert\" \/>\n<meta name=\"twitter:card\" content=\"summary_large_image\" \/>\n<meta name=\"twitter:label1\" content=\"Written by\" \/>\n\t<meta name=\"twitter:data1\" content=\"Tech Expert\" \/>\n\t<meta name=\"twitter:label2\" content=\"Est. reading time\" \/>\n\t<meta name=\"twitter:data2\" content=\"1 minute\" \/>\n<script type=\"application\/ld+json\" class=\"yoast-schema-graph\">{\"@context\":\"https:\/\/schema.org\",\"@graph\":[{\"@type\":\"WebPage\",\"@id\":\"https:\/\/technews.al\/?p=15539\",\"url\":\"https:\/\/technews.al\/?p=15539\",\"name\":\"Apple pritet t\u00eb sjell\u00eb nj\u00eb version m\u00eb t\u00eb p\u00ebrballuesh\u00ebm t\u00eb Vision Pro - Technews.al\",\"isPartOf\":{\"@id\":\"https:\/\/technews.al\/#website\"},\"primaryImageOfPage\":{\"@id\":\"https:\/\/technews.al\/?p=15539#primaryimage\"},\"image\":{\"@id\":\"https:\/\/technews.al\/?p=15539#primaryimage\"},\"thumbnailUrl\":\"https:\/\/technews.al\/wp-content\/uploads\/2022\/11\/112922962_apple.jpg\",\"datePublished\":\"2023-10-21T11:19:13+00:00\",\"dateModified\":\"2023-10-17T11:20:06+00:00\",\"author\":{\"@id\":\"https:\/\/technews.al\/#\/schema\/person\/0d9ed995a903005f5e36e2bb709a98aa\"},\"breadcrumb\":{\"@id\":\"https:\/\/technews.al\/?p=15539#breadcrumb\"},\"inLanguage\":\"en-US\",\"potentialAction\":[{\"@type\":\"ReadAction\",\"target\":[\"https:\/\/technews.al\/?p=15539\"]}]},{\"@type\":\"ImageObject\",\"inLanguage\":\"en-US\",\"@id\":\"https:\/\/technews.al\/?p=15539#primaryimage\",\"url\":\"https:\/\/technews.al\/wp-content\/uploads\/2022\/11\/112922962_apple.jpg\",\"contentUrl\":\"https:\/\/technews.al\/wp-content\/uploads\/2022\/11\/112922962_apple.jpg\",\"width\":976,\"height\":549},{\"@type\":\"BreadcrumbList\",\"@id\":\"https:\/\/technews.al\/?p=15539#breadcrumb\",\"itemListElement\":[{\"@type\":\"ListItem\",\"position\":1,\"name\":\"Home\",\"item\":\"https:\/\/technews.al\/\"},{\"@type\":\"ListItem\",\"position\":2,\"name\":\"Apple pritet t\u00eb sjell\u00eb nj\u00eb version m\u00eb t\u00eb p\u00ebrballuesh\u00ebm t\u00eb Vision Pro\"}]},{\"@type\":\"WebSite\",\"@id\":\"https:\/\/technews.al\/#website\",\"url\":\"https:\/\/technews.al\/\",\"name\":\"Technews.al\",\"description\":\"\",\"potentialAction\":[{\"@type\":\"SearchAction\",\"target\":{\"@type\":\"EntryPoint\",\"urlTemplate\":\"https:\/\/technews.al\/?s={search_term_string}\"},\"query-input\":\"required name=search_term_string\"}],\"inLanguage\":\"en-US\"},{\"@type\":\"Person\",\"@id\":\"https:\/\/technews.al\/#\/schema\/person\/0d9ed995a903005f5e36e2bb709a98aa\",\"name\":\"Tech Expert\",\"image\":{\"@type\":\"ImageObject\",\"inLanguage\":\"en-US\",\"@id\":\"https:\/\/technews.al\/#\/schema\/person\/image\/\",\"url\":\"https:\/\/technews.al\/wp-content\/uploads\/2023\/11\/Untitled-design-1-96x96.jpg\",\"contentUrl\":\"https:\/\/technews.al\/wp-content\/uploads\/2023\/11\/Untitled-design-1-96x96.jpg\",\"caption\":\"Tech Expert\"},\"url\":\"https:\/\/technews.al\/?author=4\"}]}<\/script>\n<!-- \/ Yoast SEO plugin. -->","yoast_head_json":{"title":"Apple pritet t\u00eb sjell\u00eb nj\u00eb version m\u00eb t\u00eb p\u00ebrballuesh\u00ebm t\u00eb Vision Pro - Technews.al","robots":{"index":"index","follow":"follow","max-snippet":"max-snippet:-1","max-image-preview":"max-image-preview:large","max-video-preview":"max-video-preview:-1"},"canonical":"https:\/\/technews.al\/?p=15539","og_locale":"en_US","og_type":"article","og_title":"Apple pritet t\u00eb sjell\u00eb nj\u00eb version m\u00eb t\u00eb p\u00ebrballuesh\u00ebm t\u00eb Vision Pro - Technews.al","og_description":"Apple raportohet se po mendon mbi publikimin e nj\u00eb pajisjeje m\u00eb buxhetore Vision Pro. Ky version mund t\u00eb vij\u00eb me m\u00eb pak kamera t\u00eb jashtme, t\u00eb mos ket\u00eb ve\u00e7ori EyeSight dhe t\u00eb p\u00ebrdor\u00eb nj\u00eb \u00e7ip iPhone n\u00eb vend t\u00eb atij aktual t\u00eb Mac. Sipas Mark Gurman, nga Bloomberg, kjo l\u00ebvizje synon t\u00eb ul\u00eb \u00e7mimin n\u00eb","og_url":"https:\/\/technews.al\/?p=15539","og_site_name":"Technews.al","article_published_time":"2023-10-21T11:19:13+00:00","article_modified_time":"2023-10-17T11:20:06+00:00","og_image":[{"width":976,"height":549,"url":"https:\/\/technews.al\/wp-content\/uploads\/2022\/11\/112922962_apple.jpg","type":"image\/jpeg"}],"author":"Tech Expert","twitter_card":"summary_large_image","twitter_misc":{"Written by":"Tech Expert","Est. reading time":"1 minute"},"schema":{"@context":"https:\/\/schema.org","@graph":[{"@type":"WebPage","@id":"https:\/\/technews.al\/?p=15539","url":"https:\/\/technews.al\/?p=15539","name":"Apple pritet t\u00eb sjell\u00eb nj\u00eb version m\u00eb t\u00eb p\u00ebrballuesh\u00ebm t\u00eb Vision Pro - Technews.al","isPartOf":{"@id":"https:\/\/technews.al\/#website"},"primaryImageOfPage":{"@id":"https:\/\/technews.al\/?p=15539#primaryimage"},"image":{"@id":"https:\/\/technews.al\/?p=15539#primaryimage"},"thumbnailUrl":"https:\/\/technews.al\/wp-content\/uploads\/2022\/11\/112922962_apple.jpg","datePublished":"2023-10-21T11:19:13+00:00","dateModified":"2023-10-17T11:20:06+00:00","author":{"@id":"https:\/\/technews.al\/#\/schema\/person\/0d9ed995a903005f5e36e2bb709a98aa"},"breadcrumb":{"@id":"https:\/\/technews.al\/?p=15539#breadcrumb"},"inLanguage":"en-US","potentialAction":[{"@type":"ReadAction","target":["https:\/\/technews.al\/?p=15539"]}]},{"@type":"ImageObject","inLanguage":"en-US","@id":"https:\/\/technews.al\/?p=15539#primaryimage","url":"https:\/\/technews.al\/wp-content\/uploads\/2022\/11\/112922962_apple.jpg","contentUrl":"https:\/\/technews.al\/wp-content\/uploads\/2022\/11\/112922962_apple.jpg","width":976,"height":549},{"@type":"BreadcrumbList","@id":"https:\/\/technews.al\/?p=15539#breadcrumb","itemListElement":[{"@type":"ListItem","position":1,"name":"Home","item":"https:\/\/technews.al\/"},{"@type":"ListItem","position":2,"name":"Apple pritet t\u00eb sjell\u00eb nj\u00eb version m\u00eb t\u00eb p\u00ebrballuesh\u00ebm t\u00eb Vision Pro"}]},{"@type":"WebSite","@id":"https:\/\/technews.al\/#website","url":"https:\/\/technews.al\/","name":"Technews.al","description":"","potentialAction":[{"@type":"SearchAction","target":{"@type":"EntryPoint","urlTemplate":"https:\/\/technews.al\/?s={search_term_string}"},"query-input":"required name=search_term_string"}],"inLanguage":"en-US"},{"@type":"Person","@id":"https:\/\/technews.al\/#\/schema\/person\/0d9ed995a903005f5e36e2bb709a98aa","name":"Tech Expert","image":{"@type":"ImageObject","inLanguage":"en-US","@id":"https:\/\/technews.al\/#\/schema\/person\/image\/","url":"https:\/\/technews.al\/wp-content\/uploads\/2023\/11\/Untitled-design-1-96x96.jpg","contentUrl":"https:\/\/technews.al\/wp-content\/uploads\/2023\/11\/Untitled-design-1-96x96.jpg","caption":"Tech Expert"},"url":"https:\/\/technews.al\/?author=4"}]}},"_links":{"self":[{"href":"https:\/\/technews.al\/index.php?rest_route=\/wp\/v2\/posts\/15539"}],"collection":[{"href":"https:\/\/technews.al\/index.php?rest_route=\/wp\/v2\/posts"}],"about":[{"href":"https:\/\/technews.al\/index.php?rest_route=\/wp\/v2\/types\/post"}],"author":[{"embeddable":true,"href":"https:\/\/technews.al\/index.php?rest_route=\/wp\/v2\/users\/4"}],"replies":[{"embeddable":true,"href":"https:\/\/technews.al\/index.php?rest_route=%2Fwp%2Fv2%2Fcomments&post=15539"}],"version-history":[{"count":1,"href":"https:\/\/technews.al\/index.php?rest_route=\/wp\/v2\/posts\/15539\/revisions"}],"predecessor-version":[{"id":15540,"href":"https:\/\/technews.al\/index.php?rest_route=\/wp\/v2\/posts\/15539\/revisions\/15540"}],"wp:featuredmedia":[{"embeddable":true,"href":"https:\/\/technews.al\/index.php?rest_route=\/wp\/v2\/media\/2627"}],"wp:attachment":[{"href":"https:\/\/technews.al\/index.php?rest_route=%2Fwp%2Fv2%2Fmedia&parent=15539"}],"wp:term":[{"taxonomy":"category","embeddable":true,"href":"https:\/\/technews.al\/index.php?rest_route=%2Fwp%2Fv2%2Fcategories&post=15539"},{"taxonomy":"post_tag","embeddable":true,"href":"https:\/\/technews.al\/index.php?rest_route=%2Fwp%2Fv2%2Ftags&post=15539"}],"curies":[{"name":"wp","href":"https:\/\/api.w.org\/{rel}","templated":true}]}}