{"id":17653,"date":"2024-02-29T08:40:54","date_gmt":"2024-02-29T07:40:54","guid":{"rendered":"https:\/\/technews.al\/?p=17653"},"modified":"2024-02-29T09:09:57","modified_gmt":"2024-02-29T08:09:57","slug":"vodafone-kryeson-ne-kongresin-boteror-te-telefonise-se-levizshme-ne-barcelone","status":"publish","type":"post","link":"https:\/\/technews.al\/?p=17653","title":{"rendered":"Vodafone kryeson n\u00eb Kongresin Bot\u00ebror t\u00eb Telefonis\u00eb s\u00eb L\u00ebvizshme n\u00eb Barcelon\u00eb\u00a0"},"content":{"rendered":"\n<p>\u00cbsht\u00eb organizuar n\u00eb Barcelon\u00eb \u201cMobile World Congress\u201d, i cili ka mbledhur bashk\u00eb operator\u00ebt lider n\u00eb bot\u00eb n\u00eb rrjetin e l\u00ebvizssh\u00ebm, prodhuesit dhe furnizuesit e internetit, p\u00ebr t\u00eb ndar\u00eb arritjet e tyre m\u00eb t\u00eb fundit e nxitur frym\u00ebn e bashk\u00ebpunimit me partner\u00ebt e sektorit. Vodafone ka nj\u00eb vend t\u00eb r\u00ebnd\u00ebsish\u00ebm n\u00eb k\u00ebt\u00eb kongres, ku \u00ebsht\u00eb i pranish\u00ebm me kat\u00ebr stenda dhe po ekspozon inovacionet e tij n\u00eb p\u00ebrputhje me tem\u00ebn \u201cProgres P\u00ebrmes Teknologjis\u00eb\u201d. P\u00ebrpos k\u00ebsaj, CEO&nbsp; e Vodafone, Margherita Della Valle, ishte nj\u00ebra nga tre fol\u00ebset kryesore n\u00eb \u00e7elje t\u00eb eventit.&nbsp;<\/p>\n\n\n\n<p>N\u00eb nj\u00ebr\u00ebn nga kat\u00ebr stendat n\u00eb kongresin q\u00eb po vizitohet nga qindra mij\u00ebra vizitor\u00eb, Vodafone me krenari po prezanton konceptin e \u201crrjeteve m\u00eb <em>smart<\/em>\u201d, duke treguar se si po tejkalon \u00e7do kufi performance e po siguron lidhje t\u00eb pand\u00ebrprera p\u00ebr bizneset dhe individ\u00ebt.&nbsp;<\/p>\n\n\n\n<p>N\u00eb nj\u00eb stend\u00eb tjet\u00ebr promovohet \u201cFuqizimi i bizneseve\u201d, ku kompania lider e teknologjis\u00eb dhe komunikimit n\u00eb Shqip\u00ebri zbulon zgjidhje inovatore t\u00eb dizajnuara p\u00ebr t\u2019i shtyr\u00eb drejt suksesit t\u00eb gjitha llojet e bizneseve, qofshin t\u00eb vogla, t\u00eb mesme apo t\u00eb m\u00ebdha.\u00a0<\/p>\n\n\n\n<figure class=\"wp-block-image size-large\"><img loading=\"lazy\" decoding=\"async\" width=\"1024\" height=\"683\" src=\"https:\/\/technews.al\/wp-content\/uploads\/2024\/02\/WhatsApp-Image-2024-02-28-at-7.02.01-PM-2-1024x683.jpeg\" alt=\"\" class=\"wp-image-17656\" srcset=\"https:\/\/technews.al\/wp-content\/uploads\/2024\/02\/WhatsApp-Image-2024-02-28-at-7.02.01-PM-2-1024x683.jpeg 1024w, https:\/\/technews.al\/wp-content\/uploads\/2024\/02\/WhatsApp-Image-2024-02-28-at-7.02.01-PM-2-300x200.jpeg 300w, https:\/\/technews.al\/wp-content\/uploads\/2024\/02\/WhatsApp-Image-2024-02-28-at-7.02.01-PM-2-768x512.jpeg 768w, https:\/\/technews.al\/wp-content\/uploads\/2024\/02\/WhatsApp-Image-2024-02-28-at-7.02.01-PM-2-150x100.jpeg 150w, https:\/\/technews.al\/wp-content\/uploads\/2024\/02\/WhatsApp-Image-2024-02-28-at-7.02.01-PM-2-450x300.jpeg 450w, https:\/\/technews.al\/wp-content\/uploads\/2024\/02\/WhatsApp-Image-2024-02-28-at-7.02.01-PM-2-1200x801.jpeg 1200w, https:\/\/technews.al\/wp-content\/uploads\/2024\/02\/WhatsApp-Image-2024-02-28-at-7.02.01-PM-2.jpeg 1280w\" sizes=\"(max-width: 1024px) 100vw, 1024px\" \/><\/figure>\n\n\n\n<p>Tematika e stend\u00ebs s\u00eb tret\u00eb \u00ebsht\u00eb \u201cKap\u00ebrcimi i Hendekut Digjital\u201d, ku flitet rreth d\u00ebshmis\u00eb dhe p\u00ebrjetimit n\u00eb vet\u00eb t\u00eb par\u00eb t\u00eb asaj se si teknologjia mund t\u00eb sh\u00ebrbej\u00eb si nj\u00eb ur\u00eb lidh\u00ebse p\u00ebr komunitetet n\u00eb gjith\u00eb globin, duke ngushtuar hendekun digjital.<\/p>\n\n\n\n<p>Nd\u00ebrkoh\u00eb, n\u00eb stend\u00ebn \u201cZbulimi i s\u00eb Ardhmes\u201d, po n\u00eb kuad\u00ebr t\u00eb tematik\u00ebs s\u00eb Vodafone n\u00eb kongresin \u201cProgres P\u00ebrmes Teknologjis\u00eb\u201d, vizitor\u00ebt po njihen me teknologjit\u00eb t\u00eb cilat po revolucionarizojn\u00eb jet\u00ebn ton\u00eb.&nbsp;<\/p>\n\n\n\n<p>CEO e Vodafone, Margherita Della Valle, u bashkua me koleg\u00ebt e kompanive t\u00eb tjera lider n\u00eb teknologjin\u00eb e komunikimit, p\u00ebr t\u00eb theksuar s\u00ebrish sfidat n\u00eb sektor, si korniza komplekse rregullatore n\u00eb Evrop\u00eb, q\u00eb ata besojn\u00eb se po b\u00ebhet penges\u00eb p\u00ebr inovacionin dhe po d\u00ebmton konkurrenc\u00ebn me Kin\u00ebn dhe Shtetet e Bashkuara.&nbsp;<\/p>\n\n\n\n<p>Della Valle e vuri theksin te r\u00ebnd\u00ebsia e bashk\u00ebpunimit global dhe \u201cqeverisja e drejt\u00eb\u201d p\u00ebr maksimalizimin e potencialit t\u00eb 5G-s\u00eb n\u00ebp\u00ebrmjet nismave si \u201cPorta e Hapur\u201d (Open Gateaway). Kjo, beson Della Valle, do t\u2019i fuqizoj\u00eb zhvilluesit t\u2019i japin form\u00eb nj\u00eb t\u00eb ardhmeje m\u00eb t\u00eb ndritur.&nbsp;<\/p>\n\n\n\n<p>Me hyrjen e 5G-s\u00eb n\u00eb \u201cepok\u00ebn industriale t\u00eb internetit\u201d makinat, softuer\u00ebt dhe sensor\u00ebt e nd\u00ebrlidhur do t\u00eb p\u00ebrshpejtojn\u00eb rritjen ekonomike.Inteligjenca Artificiale, me potencialin e saj t\u00eb pakufizuar, jan\u00eb fokusi kryesor n\u00eb kongresin e k\u00ebtij viti n\u00eb Barcelon\u00eb, ku sigurisht Vodafone, si nj\u00eb operator lider n\u00eb teknologjin\u00eb e komunikacionit, nuk mund t\u00eb mungonte kurrsesi. &nbsp;<\/p>\n","protected":false},"excerpt":{"rendered":"<p>\u00cbsht\u00eb organizuar n\u00eb Barcelon\u00eb \u201cMobile World Congress\u201d, i cili ka mbledhur bashk\u00eb operator\u00ebt lider n\u00eb bot\u00eb n\u00eb rrjetin e l\u00ebvizssh\u00ebm, prodhuesit dhe furnizuesit e internetit, p\u00ebr t\u00eb ndar\u00eb arritjet e tyre m\u00eb t\u00eb fundit e nxitur frym\u00ebn e bashk\u00ebpunimit me partner\u00ebt e sektorit. Vodafone ka nj\u00eb vend t\u00eb r\u00ebnd\u00ebsish\u00ebm n\u00eb k\u00ebt\u00eb kongres, ku \u00ebsht\u00eb i<\/p>\n","protected":false},"author":4,"featured_media":17654,"comment_status":"open","ping_status":"open","sticky":false,"template":"","format":"standard","meta":{"footnotes":""},"categories":[38],"tags":[40,41],"class_list":{"0":"post-17653","1":"post","2":"type-post","3":"status-publish","4":"format-standard","5":"has-post-thumbnail","7":"category-tech","8":"tag-featured","9":"tag-picks"},"yoast_head":"<!-- This site is optimized with the Yoast SEO plugin v22.4 - https:\/\/yoast.com\/wordpress\/plugins\/seo\/ -->\n<title>Vodafone kryeson n\u00eb Kongresin Bot\u00ebror t\u00eb Telefonis\u00eb s\u00eb L\u00ebvizshme n\u00eb Barcelon\u00eb\u00a0 - Technews.al<\/title>\n<meta name=\"robots\" content=\"index, follow, max-snippet:-1, max-image-preview:large, max-video-preview:-1\" \/>\n<link rel=\"canonical\" href=\"https:\/\/technews.al\/?p=17653\" \/>\n<meta property=\"og:locale\" content=\"en_US\" \/>\n<meta property=\"og:type\" content=\"article\" \/>\n<meta property=\"og:title\" content=\"Vodafone kryeson n\u00eb Kongresin Bot\u00ebror t\u00eb Telefonis\u00eb s\u00eb L\u00ebvizshme n\u00eb Barcelon\u00eb\u00a0 - Technews.al\" \/>\n<meta property=\"og:description\" content=\"\u00cbsht\u00eb organizuar n\u00eb Barcelon\u00eb \u201cMobile World Congress\u201d, i cili ka mbledhur bashk\u00eb operator\u00ebt lider n\u00eb bot\u00eb n\u00eb rrjetin e l\u00ebvizssh\u00ebm, prodhuesit dhe furnizuesit e internetit, p\u00ebr t\u00eb ndar\u00eb arritjet e tyre m\u00eb t\u00eb fundit e nxitur frym\u00ebn e bashk\u00ebpunimit me partner\u00ebt e sektorit. Vodafone ka nj\u00eb vend t\u00eb r\u00ebnd\u00ebsish\u00ebm n\u00eb k\u00ebt\u00eb kongres, ku \u00ebsht\u00eb i\" \/>\n<meta property=\"og:url\" content=\"https:\/\/technews.al\/?p=17653\" \/>\n<meta property=\"og:site_name\" content=\"Technews.al\" \/>\n<meta property=\"article:published_time\" content=\"2024-02-29T07:40:54+00:00\" \/>\n<meta property=\"article:modified_time\" content=\"2024-02-29T08:09:57+00:00\" \/>\n<meta property=\"og:image\" content=\"https:\/\/technews.al\/wp-content\/uploads\/2024\/02\/WhatsApp-Image-2024-02-28-at-7.02.01-PM.jpeg\" \/>\n\t<meta property=\"og:image:width\" content=\"1280\" \/>\n\t<meta property=\"og:image:height\" content=\"720\" \/>\n\t<meta property=\"og:image:type\" content=\"image\/jpeg\" \/>\n<meta name=\"author\" content=\"Tech Expert\" \/>\n<meta name=\"twitter:card\" content=\"summary_large_image\" \/>\n<meta name=\"twitter:label1\" content=\"Written by\" \/>\n\t<meta name=\"twitter:data1\" content=\"Tech Expert\" \/>\n\t<meta name=\"twitter:label2\" content=\"Est. reading time\" \/>\n\t<meta name=\"twitter:data2\" content=\"2 minutes\" \/>\n<script type=\"application\/ld+json\" class=\"yoast-schema-graph\">{\"@context\":\"https:\/\/schema.org\",\"@graph\":[{\"@type\":\"WebPage\",\"@id\":\"https:\/\/technews.al\/?p=17653\",\"url\":\"https:\/\/technews.al\/?p=17653\",\"name\":\"Vodafone kryeson n\u00eb Kongresin Bot\u00ebror t\u00eb Telefonis\u00eb s\u00eb L\u00ebvizshme n\u00eb Barcelon\u00eb\u00a0 - Technews.al\",\"isPartOf\":{\"@id\":\"https:\/\/technews.al\/#website\"},\"primaryImageOfPage\":{\"@id\":\"https:\/\/technews.al\/?p=17653#primaryimage\"},\"image\":{\"@id\":\"https:\/\/technews.al\/?p=17653#primaryimage\"},\"thumbnailUrl\":\"https:\/\/technews.al\/wp-content\/uploads\/2024\/02\/WhatsApp-Image-2024-02-28-at-7.02.01-PM.jpeg\",\"datePublished\":\"2024-02-29T07:40:54+00:00\",\"dateModified\":\"2024-02-29T08:09:57+00:00\",\"author\":{\"@id\":\"https:\/\/technews.al\/#\/schema\/person\/0d9ed995a903005f5e36e2bb709a98aa\"},\"breadcrumb\":{\"@id\":\"https:\/\/technews.al\/?p=17653#breadcrumb\"},\"inLanguage\":\"en-US\",\"potentialAction\":[{\"@type\":\"ReadAction\",\"target\":[\"https:\/\/technews.al\/?p=17653\"]}]},{\"@type\":\"ImageObject\",\"inLanguage\":\"en-US\",\"@id\":\"https:\/\/technews.al\/?p=17653#primaryimage\",\"url\":\"https:\/\/technews.al\/wp-content\/uploads\/2024\/02\/WhatsApp-Image-2024-02-28-at-7.02.01-PM.jpeg\",\"contentUrl\":\"https:\/\/technews.al\/wp-content\/uploads\/2024\/02\/WhatsApp-Image-2024-02-28-at-7.02.01-PM.jpeg\",\"width\":1280,\"height\":720,\"caption\":\"Vodafone kryeson n\u00eb Kongresin Bot\u00ebror t\u00eb Telefonis\u00eb s\u00eb L\u00ebvizshme n\u00eb Barcelon\u00eb\"},{\"@type\":\"BreadcrumbList\",\"@id\":\"https:\/\/technews.al\/?p=17653#breadcrumb\",\"itemListElement\":[{\"@type\":\"ListItem\",\"position\":1,\"name\":\"Home\",\"item\":\"https:\/\/technews.al\/\"},{\"@type\":\"ListItem\",\"position\":2,\"name\":\"Vodafone kryeson n\u00eb Kongresin Bot\u00ebror t\u00eb Telefonis\u00eb s\u00eb L\u00ebvizshme n\u00eb Barcelon\u00eb\u00a0\"}]},{\"@type\":\"WebSite\",\"@id\":\"https:\/\/technews.al\/#website\",\"url\":\"https:\/\/technews.al\/\",\"name\":\"Technews.al\",\"description\":\"\",\"potentialAction\":[{\"@type\":\"SearchAction\",\"target\":{\"@type\":\"EntryPoint\",\"urlTemplate\":\"https:\/\/technews.al\/?s={search_term_string}\"},\"query-input\":\"required name=search_term_string\"}],\"inLanguage\":\"en-US\"},{\"@type\":\"Person\",\"@id\":\"https:\/\/technews.al\/#\/schema\/person\/0d9ed995a903005f5e36e2bb709a98aa\",\"name\":\"Tech Expert\",\"image\":{\"@type\":\"ImageObject\",\"inLanguage\":\"en-US\",\"@id\":\"https:\/\/technews.al\/#\/schema\/person\/image\/\",\"url\":\"https:\/\/technews.al\/wp-content\/uploads\/2023\/11\/Untitled-design-1-96x96.jpg\",\"contentUrl\":\"https:\/\/technews.al\/wp-content\/uploads\/2023\/11\/Untitled-design-1-96x96.jpg\",\"caption\":\"Tech Expert\"},\"url\":\"https:\/\/technews.al\/?author=4\"}]}<\/script>\n<!-- \/ Yoast SEO plugin. -->","yoast_head_json":{"title":"Vodafone kryeson n\u00eb Kongresin Bot\u00ebror t\u00eb Telefonis\u00eb s\u00eb L\u00ebvizshme n\u00eb Barcelon\u00eb\u00a0 - Technews.al","robots":{"index":"index","follow":"follow","max-snippet":"max-snippet:-1","max-image-preview":"max-image-preview:large","max-video-preview":"max-video-preview:-1"},"canonical":"https:\/\/technews.al\/?p=17653","og_locale":"en_US","og_type":"article","og_title":"Vodafone kryeson n\u00eb Kongresin Bot\u00ebror t\u00eb Telefonis\u00eb s\u00eb L\u00ebvizshme n\u00eb Barcelon\u00eb\u00a0 - Technews.al","og_description":"\u00cbsht\u00eb organizuar n\u00eb Barcelon\u00eb \u201cMobile World Congress\u201d, i cili ka mbledhur bashk\u00eb operator\u00ebt lider n\u00eb bot\u00eb n\u00eb rrjetin e l\u00ebvizssh\u00ebm, prodhuesit dhe furnizuesit e internetit, p\u00ebr t\u00eb ndar\u00eb arritjet e tyre m\u00eb t\u00eb fundit e nxitur frym\u00ebn e bashk\u00ebpunimit me partner\u00ebt e sektorit. Vodafone ka nj\u00eb vend t\u00eb r\u00ebnd\u00ebsish\u00ebm n\u00eb k\u00ebt\u00eb kongres, ku \u00ebsht\u00eb i","og_url":"https:\/\/technews.al\/?p=17653","og_site_name":"Technews.al","article_published_time":"2024-02-29T07:40:54+00:00","article_modified_time":"2024-02-29T08:09:57+00:00","og_image":[{"width":1280,"height":720,"url":"https:\/\/technews.al\/wp-content\/uploads\/2024\/02\/WhatsApp-Image-2024-02-28-at-7.02.01-PM.jpeg","type":"image\/jpeg"}],"author":"Tech Expert","twitter_card":"summary_large_image","twitter_misc":{"Written by":"Tech Expert","Est. reading time":"2 minutes"},"schema":{"@context":"https:\/\/schema.org","@graph":[{"@type":"WebPage","@id":"https:\/\/technews.al\/?p=17653","url":"https:\/\/technews.al\/?p=17653","name":"Vodafone kryeson n\u00eb Kongresin Bot\u00ebror t\u00eb Telefonis\u00eb s\u00eb L\u00ebvizshme n\u00eb Barcelon\u00eb\u00a0 - Technews.al","isPartOf":{"@id":"https:\/\/technews.al\/#website"},"primaryImageOfPage":{"@id":"https:\/\/technews.al\/?p=17653#primaryimage"},"image":{"@id":"https:\/\/technews.al\/?p=17653#primaryimage"},"thumbnailUrl":"https:\/\/technews.al\/wp-content\/uploads\/2024\/02\/WhatsApp-Image-2024-02-28-at-7.02.01-PM.jpeg","datePublished":"2024-02-29T07:40:54+00:00","dateModified":"2024-02-29T08:09:57+00:00","author":{"@id":"https:\/\/technews.al\/#\/schema\/person\/0d9ed995a903005f5e36e2bb709a98aa"},"breadcrumb":{"@id":"https:\/\/technews.al\/?p=17653#breadcrumb"},"inLanguage":"en-US","potentialAction":[{"@type":"ReadAction","target":["https:\/\/technews.al\/?p=17653"]}]},{"@type":"ImageObject","inLanguage":"en-US","@id":"https:\/\/technews.al\/?p=17653#primaryimage","url":"https:\/\/technews.al\/wp-content\/uploads\/2024\/02\/WhatsApp-Image-2024-02-28-at-7.02.01-PM.jpeg","contentUrl":"https:\/\/technews.al\/wp-content\/uploads\/2024\/02\/WhatsApp-Image-2024-02-28-at-7.02.01-PM.jpeg","width":1280,"height":720,"caption":"Vodafone kryeson n\u00eb Kongresin Bot\u00ebror t\u00eb Telefonis\u00eb s\u00eb L\u00ebvizshme n\u00eb Barcelon\u00eb"},{"@type":"BreadcrumbList","@id":"https:\/\/technews.al\/?p=17653#breadcrumb","itemListElement":[{"@type":"ListItem","position":1,"name":"Home","item":"https:\/\/technews.al\/"},{"@type":"ListItem","position":2,"name":"Vodafone kryeson n\u00eb Kongresin Bot\u00ebror t\u00eb Telefonis\u00eb s\u00eb L\u00ebvizshme n\u00eb Barcelon\u00eb\u00a0"}]},{"@type":"WebSite","@id":"https:\/\/technews.al\/#website","url":"https:\/\/technews.al\/","name":"Technews.al","description":"","potentialAction":[{"@type":"SearchAction","target":{"@type":"EntryPoint","urlTemplate":"https:\/\/technews.al\/?s={search_term_string}"},"query-input":"required name=search_term_string"}],"inLanguage":"en-US"},{"@type":"Person","@id":"https:\/\/technews.al\/#\/schema\/person\/0d9ed995a903005f5e36e2bb709a98aa","name":"Tech Expert","image":{"@type":"ImageObject","inLanguage":"en-US","@id":"https:\/\/technews.al\/#\/schema\/person\/image\/","url":"https:\/\/technews.al\/wp-content\/uploads\/2023\/11\/Untitled-design-1-96x96.jpg","contentUrl":"https:\/\/technews.al\/wp-content\/uploads\/2023\/11\/Untitled-design-1-96x96.jpg","caption":"Tech Expert"},"url":"https:\/\/technews.al\/?author=4"}]}},"_links":{"self":[{"href":"https:\/\/technews.al\/index.php?rest_route=\/wp\/v2\/posts\/17653"}],"collection":[{"href":"https:\/\/technews.al\/index.php?rest_route=\/wp\/v2\/posts"}],"about":[{"href":"https:\/\/technews.al\/index.php?rest_route=\/wp\/v2\/types\/post"}],"author":[{"embeddable":true,"href":"https:\/\/technews.al\/index.php?rest_route=\/wp\/v2\/users\/4"}],"replies":[{"embeddable":true,"href":"https:\/\/technews.al\/index.php?rest_route=%2Fwp%2Fv2%2Fcomments&post=17653"}],"version-history":[{"count":1,"href":"https:\/\/technews.al\/index.php?rest_route=\/wp\/v2\/posts\/17653\/revisions"}],"predecessor-version":[{"id":17657,"href":"https:\/\/technews.al\/index.php?rest_route=\/wp\/v2\/posts\/17653\/revisions\/17657"}],"wp:featuredmedia":[{"embeddable":true,"href":"https:\/\/technews.al\/index.php?rest_route=\/wp\/v2\/media\/17654"}],"wp:attachment":[{"href":"https:\/\/technews.al\/index.php?rest_route=%2Fwp%2Fv2%2Fmedia&parent=17653"}],"wp:term":[{"taxonomy":"category","embeddable":true,"href":"https:\/\/technews.al\/index.php?rest_route=%2Fwp%2Fv2%2Fcategories&post=17653"},{"taxonomy":"post_tag","embeddable":true,"href":"https:\/\/technews.al\/index.php?rest_route=%2Fwp%2Fv2%2Ftags&post=17653"}],"curies":[{"name":"wp","href":"https:\/\/api.w.org\/{rel}","templated":true}]}}