{"id":17697,"date":"2024-03-04T09:37:54","date_gmt":"2024-03-04T08:37:54","guid":{"rendered":"https:\/\/technews.al\/?p=17697"},"modified":"2024-03-04T09:44:51","modified_gmt":"2024-03-04T08:44:51","slug":"sot-ceremonia-e-celjes-se-bazes-se-nato-s-ne-kucove-video-nga-momenti-i-montimit-te-droneve-bayraktar","status":"publish","type":"post","link":"https:\/\/technews.al\/?p=17697","title":{"rendered":"Sot ceremonia e \u00e7eljes s\u00eb baz\u00ebs s\u00eb NATO-s n\u00eb Ku\u00e7ov\u00eb, video nga momenti i montimit t\u00eb dron\u00ebve Bayraktar"},"content":{"rendered":"\n<p>Kryeministri Edi Rama ka publikuar momente nga montimi i dron\u00ebve Bayraktar, t\u00eb cil\u00ebt jan\u00eb instaluar n\u00eb baz\u00ebn ajrore t\u00eb NATO-s n\u00eb Ku\u00e7ov\u00eb.\u00a0<\/p>\n\n\n\n<p>Rama ka ndar\u00eb nj\u00eb video n\u00eb rrjetet sociale, thekson se \u00e7elja e baz\u00ebs do t\u00eb b\u00ebhet sot.&nbsp;<\/p>\n\n\n\n<p>\u201cMIR\u00cbM\u00cbNGJES \ud83d\ude0a<br>dhe me disa momente nga montimi i dron\u00ebve Bayraktar, q\u00eb do t\u00eb b\u00ebjn\u00eb fluturimin e par\u00eb n\u00eb ceremonin\u00eb e \u00e7eljes s\u00eb baz\u00ebs s\u00eb re ajrore t\u00eb NATO-s sot n\u00eb Ku\u00e7ov\u00eb, ju uroj nj\u00eb jav\u00eb t\u00eb mbar\u00eb\ud83d\ude4f\u201d, shkruan Rama.<\/p>\n\n\n\n<iframe loading=\"lazy\" src=\"https:\/\/www.facebook.com\/plugins\/video.php?height=314&#038;href=https%3A%2F%2Fwww.facebook.com%2Fediramaal%2Fvideos%2F2385908408274748%2F&#038;show_text=false&#038;width=560&#038;t=0\" width=\"560\" height=\"314\" style=\"border:none;overflow:hidden\" scrolling=\"no\" frameborder=\"0\" allowfullscreen=\"true\" allow=\"autoplay; clipboard-write; encrypted-media; picture-in-picture; web-share\" allowFullScreen=\"true\"><\/iframe>\n","protected":false},"excerpt":{"rendered":"<p>Kryeministri Edi Rama ka publikuar momente nga montimi i dron\u00ebve Bayraktar, t\u00eb cil\u00ebt jan\u00eb instaluar n\u00eb baz\u00ebn ajrore t\u00eb NATO-s n\u00eb Ku\u00e7ov\u00eb.\u00a0 Rama ka ndar\u00eb nj\u00eb video n\u00eb rrjetet sociale, thekson se \u00e7elja e baz\u00ebs do t\u00eb b\u00ebhet sot.&nbsp; \u201cMIR\u00cbM\u00cbNGJES \ud83d\ude0adhe me disa momente nga montimi i dron\u00ebve Bayraktar, q\u00eb do t\u00eb b\u00ebjn\u00eb fluturimin e<\/p>\n","protected":false},"author":4,"featured_media":17699,"comment_status":"open","ping_status":"open","sticky":false,"template":"","format":"standard","meta":{"footnotes":""},"categories":[38],"tags":[40],"class_list":{"0":"post-17697","1":"post","2":"type-post","3":"status-publish","4":"format-standard","5":"has-post-thumbnail","7":"category-tech","8":"tag-featured"},"yoast_head":"<!-- This site is optimized with the Yoast SEO plugin v22.4 - https:\/\/yoast.com\/wordpress\/plugins\/seo\/ -->\n<title>Sot ceremonia e \u00e7eljes s\u00eb baz\u00ebs s\u00eb NATO-s n\u00eb Ku\u00e7ov\u00eb, video nga momenti i montimit t\u00eb dron\u00ebve Bayraktar - Technews.al<\/title>\n<meta name=\"robots\" content=\"index, follow, max-snippet:-1, max-image-preview:large, max-video-preview:-1\" \/>\n<link rel=\"canonical\" href=\"https:\/\/technews.al\/?p=17697\" \/>\n<meta property=\"og:locale\" content=\"en_US\" \/>\n<meta property=\"og:type\" content=\"article\" \/>\n<meta property=\"og:title\" content=\"Sot ceremonia e \u00e7eljes s\u00eb baz\u00ebs s\u00eb NATO-s n\u00eb Ku\u00e7ov\u00eb, video nga momenti i montimit t\u00eb dron\u00ebve Bayraktar - Technews.al\" \/>\n<meta property=\"og:description\" content=\"Kryeministri Edi Rama ka publikuar momente nga montimi i dron\u00ebve Bayraktar, t\u00eb cil\u00ebt jan\u00eb instaluar n\u00eb baz\u00ebn ajrore t\u00eb NATO-s n\u00eb Ku\u00e7ov\u00eb.\u00a0 Rama ka ndar\u00eb nj\u00eb video n\u00eb rrjetet sociale, thekson se \u00e7elja e baz\u00ebs do t\u00eb b\u00ebhet sot.&nbsp; \u201cMIR\u00cbM\u00cbNGJES \ud83d\ude0adhe me disa momente nga montimi i dron\u00ebve Bayraktar, q\u00eb do t\u00eb b\u00ebjn\u00eb fluturimin e\" \/>\n<meta property=\"og:url\" content=\"https:\/\/technews.al\/?p=17697\" \/>\n<meta property=\"og:site_name\" content=\"Technews.al\" \/>\n<meta property=\"article:published_time\" content=\"2024-03-04T08:37:54+00:00\" \/>\n<meta property=\"article:modified_time\" content=\"2024-03-04T08:44:51+00:00\" \/>\n<meta property=\"og:image\" content=\"https:\/\/technews.al\/wp-content\/uploads\/2024\/03\/Screenshot-2024-03-04-at-9.36.35-AM-1024x570.png\" \/>\n\t<meta property=\"og:image:width\" content=\"1024\" \/>\n\t<meta property=\"og:image:height\" content=\"570\" \/>\n\t<meta property=\"og:image:type\" content=\"image\/png\" \/>\n<meta name=\"author\" content=\"Tech Expert\" \/>\n<meta name=\"twitter:card\" content=\"summary_large_image\" \/>\n<meta name=\"twitter:label1\" content=\"Written by\" \/>\n\t<meta name=\"twitter:data1\" content=\"Tech Expert\" \/>\n<script type=\"application\/ld+json\" class=\"yoast-schema-graph\">{\"@context\":\"https:\/\/schema.org\",\"@graph\":[{\"@type\":\"WebPage\",\"@id\":\"https:\/\/technews.al\/?p=17697\",\"url\":\"https:\/\/technews.al\/?p=17697\",\"name\":\"Sot ceremonia e \u00e7eljes s\u00eb baz\u00ebs s\u00eb NATO-s n\u00eb Ku\u00e7ov\u00eb, video nga momenti i montimit t\u00eb dron\u00ebve Bayraktar - Technews.al\",\"isPartOf\":{\"@id\":\"https:\/\/technews.al\/#website\"},\"primaryImageOfPage\":{\"@id\":\"https:\/\/technews.al\/?p=17697#primaryimage\"},\"image\":{\"@id\":\"https:\/\/technews.al\/?p=17697#primaryimage\"},\"thumbnailUrl\":\"https:\/\/technews.al\/wp-content\/uploads\/2024\/03\/Screenshot-2024-03-04-at-9.36.35-AM.png\",\"datePublished\":\"2024-03-04T08:37:54+00:00\",\"dateModified\":\"2024-03-04T08:44:51+00:00\",\"author\":{\"@id\":\"https:\/\/technews.al\/#\/schema\/person\/0d9ed995a903005f5e36e2bb709a98aa\"},\"breadcrumb\":{\"@id\":\"https:\/\/technews.al\/?p=17697#breadcrumb\"},\"inLanguage\":\"en-US\",\"potentialAction\":[{\"@type\":\"ReadAction\",\"target\":[\"https:\/\/technews.al\/?p=17697\"]}]},{\"@type\":\"ImageObject\",\"inLanguage\":\"en-US\",\"@id\":\"https:\/\/technews.al\/?p=17697#primaryimage\",\"url\":\"https:\/\/technews.al\/wp-content\/uploads\/2024\/03\/Screenshot-2024-03-04-at-9.36.35-AM.png\",\"contentUrl\":\"https:\/\/technews.al\/wp-content\/uploads\/2024\/03\/Screenshot-2024-03-04-at-9.36.35-AM.png\",\"width\":2152,\"height\":1198,\"caption\":\"dronet Bayraktar\"},{\"@type\":\"BreadcrumbList\",\"@id\":\"https:\/\/technews.al\/?p=17697#breadcrumb\",\"itemListElement\":[{\"@type\":\"ListItem\",\"position\":1,\"name\":\"Home\",\"item\":\"https:\/\/technews.al\/\"},{\"@type\":\"ListItem\",\"position\":2,\"name\":\"Sot ceremonia e \u00e7eljes s\u00eb baz\u00ebs s\u00eb NATO-s n\u00eb Ku\u00e7ov\u00eb, video nga momenti i montimit t\u00eb dron\u00ebve Bayraktar\"}]},{\"@type\":\"WebSite\",\"@id\":\"https:\/\/technews.al\/#website\",\"url\":\"https:\/\/technews.al\/\",\"name\":\"Technews.al\",\"description\":\"\",\"potentialAction\":[{\"@type\":\"SearchAction\",\"target\":{\"@type\":\"EntryPoint\",\"urlTemplate\":\"https:\/\/technews.al\/?s={search_term_string}\"},\"query-input\":\"required name=search_term_string\"}],\"inLanguage\":\"en-US\"},{\"@type\":\"Person\",\"@id\":\"https:\/\/technews.al\/#\/schema\/person\/0d9ed995a903005f5e36e2bb709a98aa\",\"name\":\"Tech Expert\",\"image\":{\"@type\":\"ImageObject\",\"inLanguage\":\"en-US\",\"@id\":\"https:\/\/technews.al\/#\/schema\/person\/image\/\",\"url\":\"https:\/\/technews.al\/wp-content\/uploads\/2023\/11\/Untitled-design-1-96x96.jpg\",\"contentUrl\":\"https:\/\/technews.al\/wp-content\/uploads\/2023\/11\/Untitled-design-1-96x96.jpg\",\"caption\":\"Tech Expert\"},\"url\":\"https:\/\/technews.al\/?author=4\"}]}<\/script>\n<!-- \/ Yoast SEO plugin. -->","yoast_head_json":{"title":"Sot ceremonia e \u00e7eljes s\u00eb baz\u00ebs s\u00eb NATO-s n\u00eb Ku\u00e7ov\u00eb, video nga momenti i montimit t\u00eb dron\u00ebve Bayraktar - Technews.al","robots":{"index":"index","follow":"follow","max-snippet":"max-snippet:-1","max-image-preview":"max-image-preview:large","max-video-preview":"max-video-preview:-1"},"canonical":"https:\/\/technews.al\/?p=17697","og_locale":"en_US","og_type":"article","og_title":"Sot ceremonia e \u00e7eljes s\u00eb baz\u00ebs s\u00eb NATO-s n\u00eb Ku\u00e7ov\u00eb, video nga momenti i montimit t\u00eb dron\u00ebve Bayraktar - Technews.al","og_description":"Kryeministri Edi Rama ka publikuar momente nga montimi i dron\u00ebve Bayraktar, t\u00eb cil\u00ebt jan\u00eb instaluar n\u00eb baz\u00ebn ajrore t\u00eb NATO-s n\u00eb Ku\u00e7ov\u00eb.\u00a0 Rama ka ndar\u00eb nj\u00eb video n\u00eb rrjetet sociale, thekson se \u00e7elja e baz\u00ebs do t\u00eb b\u00ebhet sot.&nbsp; \u201cMIR\u00cbM\u00cbNGJES \ud83d\ude0adhe me disa momente nga montimi i dron\u00ebve Bayraktar, q\u00eb do t\u00eb b\u00ebjn\u00eb fluturimin e","og_url":"https:\/\/technews.al\/?p=17697","og_site_name":"Technews.al","article_published_time":"2024-03-04T08:37:54+00:00","article_modified_time":"2024-03-04T08:44:51+00:00","og_image":[{"width":1024,"height":570,"url":"https:\/\/technews.al\/wp-content\/uploads\/2024\/03\/Screenshot-2024-03-04-at-9.36.35-AM-1024x570.png","type":"image\/png"}],"author":"Tech Expert","twitter_card":"summary_large_image","twitter_misc":{"Written by":"Tech Expert"},"schema":{"@context":"https:\/\/schema.org","@graph":[{"@type":"WebPage","@id":"https:\/\/technews.al\/?p=17697","url":"https:\/\/technews.al\/?p=17697","name":"Sot ceremonia e \u00e7eljes s\u00eb baz\u00ebs s\u00eb NATO-s n\u00eb Ku\u00e7ov\u00eb, video nga momenti i montimit t\u00eb dron\u00ebve Bayraktar - Technews.al","isPartOf":{"@id":"https:\/\/technews.al\/#website"},"primaryImageOfPage":{"@id":"https:\/\/technews.al\/?p=17697#primaryimage"},"image":{"@id":"https:\/\/technews.al\/?p=17697#primaryimage"},"thumbnailUrl":"https:\/\/technews.al\/wp-content\/uploads\/2024\/03\/Screenshot-2024-03-04-at-9.36.35-AM.png","datePublished":"2024-03-04T08:37:54+00:00","dateModified":"2024-03-04T08:44:51+00:00","author":{"@id":"https:\/\/technews.al\/#\/schema\/person\/0d9ed995a903005f5e36e2bb709a98aa"},"breadcrumb":{"@id":"https:\/\/technews.al\/?p=17697#breadcrumb"},"inLanguage":"en-US","potentialAction":[{"@type":"ReadAction","target":["https:\/\/technews.al\/?p=17697"]}]},{"@type":"ImageObject","inLanguage":"en-US","@id":"https:\/\/technews.al\/?p=17697#primaryimage","url":"https:\/\/technews.al\/wp-content\/uploads\/2024\/03\/Screenshot-2024-03-04-at-9.36.35-AM.png","contentUrl":"https:\/\/technews.al\/wp-content\/uploads\/2024\/03\/Screenshot-2024-03-04-at-9.36.35-AM.png","width":2152,"height":1198,"caption":"dronet Bayraktar"},{"@type":"BreadcrumbList","@id":"https:\/\/technews.al\/?p=17697#breadcrumb","itemListElement":[{"@type":"ListItem","position":1,"name":"Home","item":"https:\/\/technews.al\/"},{"@type":"ListItem","position":2,"name":"Sot ceremonia e \u00e7eljes s\u00eb baz\u00ebs s\u00eb NATO-s n\u00eb Ku\u00e7ov\u00eb, video nga momenti i montimit t\u00eb dron\u00ebve Bayraktar"}]},{"@type":"WebSite","@id":"https:\/\/technews.al\/#website","url":"https:\/\/technews.al\/","name":"Technews.al","description":"","potentialAction":[{"@type":"SearchAction","target":{"@type":"EntryPoint","urlTemplate":"https:\/\/technews.al\/?s={search_term_string}"},"query-input":"required name=search_term_string"}],"inLanguage":"en-US"},{"@type":"Person","@id":"https:\/\/technews.al\/#\/schema\/person\/0d9ed995a903005f5e36e2bb709a98aa","name":"Tech Expert","image":{"@type":"ImageObject","inLanguage":"en-US","@id":"https:\/\/technews.al\/#\/schema\/person\/image\/","url":"https:\/\/technews.al\/wp-content\/uploads\/2023\/11\/Untitled-design-1-96x96.jpg","contentUrl":"https:\/\/technews.al\/wp-content\/uploads\/2023\/11\/Untitled-design-1-96x96.jpg","caption":"Tech Expert"},"url":"https:\/\/technews.al\/?author=4"}]}},"_links":{"self":[{"href":"https:\/\/technews.al\/index.php?rest_route=\/wp\/v2\/posts\/17697"}],"collection":[{"href":"https:\/\/technews.al\/index.php?rest_route=\/wp\/v2\/posts"}],"about":[{"href":"https:\/\/technews.al\/index.php?rest_route=\/wp\/v2\/types\/post"}],"author":[{"embeddable":true,"href":"https:\/\/technews.al\/index.php?rest_route=\/wp\/v2\/users\/4"}],"replies":[{"embeddable":true,"href":"https:\/\/technews.al\/index.php?rest_route=%2Fwp%2Fv2%2Fcomments&post=17697"}],"version-history":[{"count":1,"href":"https:\/\/technews.al\/index.php?rest_route=\/wp\/v2\/posts\/17697\/revisions"}],"predecessor-version":[{"id":17700,"href":"https:\/\/technews.al\/index.php?rest_route=\/wp\/v2\/posts\/17697\/revisions\/17700"}],"wp:featuredmedia":[{"embeddable":true,"href":"https:\/\/technews.al\/index.php?rest_route=\/wp\/v2\/media\/17699"}],"wp:attachment":[{"href":"https:\/\/technews.al\/index.php?rest_route=%2Fwp%2Fv2%2Fmedia&parent=17697"}],"wp:term":[{"taxonomy":"category","embeddable":true,"href":"https:\/\/technews.al\/index.php?rest_route=%2Fwp%2Fv2%2Fcategories&post=17697"},{"taxonomy":"post_tag","embeddable":true,"href":"https:\/\/technews.al\/index.php?rest_route=%2Fwp%2Fv2%2Ftags&post=17697"}],"curies":[{"name":"wp","href":"https:\/\/api.w.org\/{rel}","templated":true}]}}