{"id":18464,"date":"2024-04-30T09:06:15","date_gmt":"2024-04-30T08:06:15","guid":{"rendered":"https:\/\/technews.al\/?p=18464"},"modified":"2024-04-30T09:06:15","modified_gmt":"2024-04-30T08:06:15","slug":"cfare-kerkon-papa-francesku-ne-samitin-e-g7-per-inteligjencen-artificiale","status":"publish","type":"post","link":"https:\/\/technews.al\/?p=18464","title":{"rendered":"\u00c7far\u00eb k\u00ebrkon Papa Fran\u00e7esku n\u00eb samitin e G7 p\u00ebr Inteligjenc\u00ebn Artificiale?"},"content":{"rendered":"\n<p>B\u00ebhet e ditur se samiti i kryesuar nga Italia do t\u00eb zhvillohet me 13-15 qershor n\u00eb Borgo Egnazia, Pulia, nd\u00ebrsa pjes\u00ebmarrja e Pap\u00ebs u konfirmua nga Selia e Shenjt\u00eb.<\/p>\n\n\n\n<p>Meloni e cila aktualisht kryeson G7, n\u00eb samitin e qershorit do t\u00eb pres\u00eb lider\u00eb nga Britania e Madhe, Kanadaja, Franca, Gjermania, Japonia dhe SHBA-ja<\/p>\n\n\n\n<p>Me an\u00eb t\u00eb nj\u00eb videoje, kryeministrja italiane njoftoi se Fran\u00e7esku do t\u00eb jet\u00eb Papa i par\u00eb q\u00eb do t\u00eb marr\u00eb pjes\u00eb n\u00eb nj\u00eb samit t\u00eb G7 kushtuar Al\u00a0<a href=\"https:\/\/www.euronews.com\/my-europe\/2024\/04\/27\/pope-will-attend-g7-meeting-to-discuss-ai\" target=\"_blank\" rel=\"noreferrer noopener\"><strong>euronews<\/strong><\/a><\/p>\n\n\n\n<figure class=\"wp-block-embed is-type-rich is-provider-twitter wp-block-embed-twitter\"><div class=\"wp-block-embed__wrapper\">\n<blockquote class=\"twitter-tweet\" data-width=\"550\" data-dnt=\"true\"><p lang=\"it\" dir=\"ltr\">Sono onorata di annunciare la partecipazione di Papa Francesco <a href=\"https:\/\/twitter.com\/Pontifex?ref_src=twsrc%5Etfw\">@Pontifex<\/a> ai\u00a0lavori\u00a0del\u00a0<a href=\"https:\/\/twitter.com\/hashtag\/G7Italy?src=hash&amp;ref_src=twsrc%5Etfw\">#G7Italy<\/a>. \u00c8 la prima volta che un Pontefice partecipa ai lavori del Gruppo dei Sette e questo non pu\u00f2 che rendere lustro all&#39;Italia e\u00a0all&#39;intero\u00a0<a href=\"https:\/\/twitter.com\/G7?ref_src=twsrc%5Etfw\">@G7<\/a> <a href=\"https:\/\/t.co\/m6q7GcWcFb\">pic.twitter.com\/m6q7GcWcFb<\/a><\/p>&mdash; Giorgia Meloni (@GiorgiaMeloni) <a href=\"https:\/\/twitter.com\/GiorgiaMeloni\/status\/1783864719796801789?ref_src=twsrc%5Etfw\">April 26, 2024<\/a><\/blockquote><script async src=\"https:\/\/platform.twitter.com\/widgets.js\" charset=\"utf-8\"><\/script>\n<\/div><\/figure>\n\n\n\n<p>G7 do t\u00eb p\u00ebrballet me at\u00eb q\u00eb shum\u00eb njer\u00ebz, dhe jo gabimisht, besojn\u00eb se \u00ebsht\u00eb sfida m\u00eb e madhe e k\u00ebsaj epoke, dometh\u00ebn\u00eb Inteligjenca Artificiale, teknologji kjo q\u00eb gjeneron mund\u00ebsi t\u00eb m\u00ebdha, por sjell me vete edhe rreziqe\u201d, tha Meloni.<\/p>\n\n\n\n<p>Papa Fran\u00e7esku ka b\u00ebr\u00eb thirrje p\u00ebr nj\u00eb traktat nd\u00ebrkomb\u00ebtar p\u00ebr t\u00eb siguruar q\u00eb Al t\u00eb zhvillohet dhe p\u00ebrdoret p\u00ebr q\u00ebllime t\u00eb mira.<\/p>\n\n\n\n<p>\u201cAngazhimi yn\u00eb \u00ebsht\u00eb t\u00eb zhvillojm\u00eb mekanizma qeveris\u00ebs p\u00ebr t\u00eb siguruar q\u00eb Al t\u00eb jet\u00eb e p\u00ebrqendruar dhe e kontrolluar nga njeriu\u201d, shpjegoi Meloni.<\/p>\n\n\n\n<p>Edhe pse Al ka t\u00ebrhequr v\u00ebmendjen e mbar\u00eb bot\u00ebs fal\u00eb p\u00ebrparimeve t\u00eb sistemeve si ChatGPT, teknologjia edhe ka rritur frik\u00ebn p\u00ebr rreziqet q\u00eb mund t\u00eb sjell\u00eb me vete.<\/p>\n","protected":false},"excerpt":{"rendered":"<p>B\u00ebhet e ditur se samiti i kryesuar nga Italia do t\u00eb zhvillohet me 13-15 qershor n\u00eb Borgo Egnazia, Pulia, nd\u00ebrsa pjes\u00ebmarrja e Pap\u00ebs u konfirmua nga Selia e Shenjt\u00eb. Meloni e cila aktualisht kryeson G7, n\u00eb samitin e qershorit do t\u00eb pres\u00eb lider\u00eb nga Britania e Madhe, Kanadaja, Franca, Gjermania, Japonia dhe SHBA-ja Me an\u00eb<\/p>\n","protected":false},"author":4,"featured_media":18466,"comment_status":"open","ping_status":"open","sticky":false,"template":"","format":"standard","meta":{"footnotes":""},"categories":[349],"tags":[40],"class_list":{"0":"post-18464","1":"post","2":"type-post","3":"status-publish","4":"format-standard","5":"has-post-thumbnail","7":"category-artificial-intelligence","8":"tag-featured"},"yoast_head":"<!-- This site is optimized with the Yoast SEO plugin v22.4 - https:\/\/yoast.com\/wordpress\/plugins\/seo\/ -->\n<title>\u00c7far\u00eb k\u00ebrkon Papa Fran\u00e7esku n\u00eb samitin e G7 p\u00ebr Inteligjenc\u00ebn Artificiale? - Technews.al<\/title>\n<meta name=\"robots\" content=\"index, follow, max-snippet:-1, max-image-preview:large, max-video-preview:-1\" \/>\n<link rel=\"canonical\" href=\"https:\/\/technews.al\/?p=18464\" \/>\n<meta property=\"og:locale\" content=\"en_US\" \/>\n<meta property=\"og:type\" content=\"article\" \/>\n<meta property=\"og:title\" content=\"\u00c7far\u00eb k\u00ebrkon Papa Fran\u00e7esku n\u00eb samitin e G7 p\u00ebr Inteligjenc\u00ebn Artificiale? - Technews.al\" \/>\n<meta property=\"og:description\" content=\"B\u00ebhet e ditur se samiti i kryesuar nga Italia do t\u00eb zhvillohet me 13-15 qershor n\u00eb Borgo Egnazia, Pulia, nd\u00ebrsa pjes\u00ebmarrja e Pap\u00ebs u konfirmua nga Selia e Shenjt\u00eb. Meloni e cila aktualisht kryeson G7, n\u00eb samitin e qershorit do t\u00eb pres\u00eb lider\u00eb nga Britania e Madhe, Kanadaja, Franca, Gjermania, Japonia dhe SHBA-ja Me an\u00eb\" \/>\n<meta property=\"og:url\" content=\"https:\/\/technews.al\/?p=18464\" \/>\n<meta property=\"og:site_name\" content=\"Technews.al\" \/>\n<meta property=\"article:published_time\" content=\"2024-04-30T08:06:15+00:00\" \/>\n<meta property=\"og:image\" content=\"https:\/\/technews.al\/wp-content\/uploads\/2024\/04\/Pope-Francis.jpeg\" \/>\n\t<meta property=\"og:image:width\" content=\"800\" \/>\n\t<meta property=\"og:image:height\" content=\"533\" \/>\n\t<meta property=\"og:image:type\" content=\"image\/jpeg\" \/>\n<meta name=\"author\" content=\"Tech Expert\" \/>\n<meta name=\"twitter:card\" content=\"summary_large_image\" \/>\n<meta name=\"twitter:label1\" content=\"Written by\" \/>\n\t<meta name=\"twitter:data1\" content=\"Tech Expert\" \/>\n\t<meta name=\"twitter:label2\" content=\"Est. reading time\" \/>\n\t<meta name=\"twitter:data2\" content=\"1 minute\" \/>\n<script type=\"application\/ld+json\" class=\"yoast-schema-graph\">{\"@context\":\"https:\/\/schema.org\",\"@graph\":[{\"@type\":\"WebPage\",\"@id\":\"https:\/\/technews.al\/?p=18464\",\"url\":\"https:\/\/technews.al\/?p=18464\",\"name\":\"\u00c7far\u00eb k\u00ebrkon Papa Fran\u00e7esku n\u00eb samitin e G7 p\u00ebr Inteligjenc\u00ebn Artificiale? - Technews.al\",\"isPartOf\":{\"@id\":\"https:\/\/technews.al\/#website\"},\"primaryImageOfPage\":{\"@id\":\"https:\/\/technews.al\/?p=18464#primaryimage\"},\"image\":{\"@id\":\"https:\/\/technews.al\/?p=18464#primaryimage\"},\"thumbnailUrl\":\"https:\/\/technews.al\/wp-content\/uploads\/2024\/04\/Pope-Francis.jpeg\",\"datePublished\":\"2024-04-30T08:06:15+00:00\",\"dateModified\":\"2024-04-30T08:06:15+00:00\",\"author\":{\"@id\":\"https:\/\/technews.al\/#\/schema\/person\/0d9ed995a903005f5e36e2bb709a98aa\"},\"breadcrumb\":{\"@id\":\"https:\/\/technews.al\/?p=18464#breadcrumb\"},\"inLanguage\":\"en-US\",\"potentialAction\":[{\"@type\":\"ReadAction\",\"target\":[\"https:\/\/technews.al\/?p=18464\"]}]},{\"@type\":\"ImageObject\",\"inLanguage\":\"en-US\",\"@id\":\"https:\/\/technews.al\/?p=18464#primaryimage\",\"url\":\"https:\/\/technews.al\/wp-content\/uploads\/2024\/04\/Pope-Francis.jpeg\",\"contentUrl\":\"https:\/\/technews.al\/wp-content\/uploads\/2024\/04\/Pope-Francis.jpeg\",\"width\":800,\"height\":533},{\"@type\":\"BreadcrumbList\",\"@id\":\"https:\/\/technews.al\/?p=18464#breadcrumb\",\"itemListElement\":[{\"@type\":\"ListItem\",\"position\":1,\"name\":\"Home\",\"item\":\"https:\/\/technews.al\/\"},{\"@type\":\"ListItem\",\"position\":2,\"name\":\"\u00c7far\u00eb k\u00ebrkon Papa Fran\u00e7esku n\u00eb samitin e G7 p\u00ebr Inteligjenc\u00ebn Artificiale?\"}]},{\"@type\":\"WebSite\",\"@id\":\"https:\/\/technews.al\/#website\",\"url\":\"https:\/\/technews.al\/\",\"name\":\"Technews.al\",\"description\":\"\",\"potentialAction\":[{\"@type\":\"SearchAction\",\"target\":{\"@type\":\"EntryPoint\",\"urlTemplate\":\"https:\/\/technews.al\/?s={search_term_string}\"},\"query-input\":\"required name=search_term_string\"}],\"inLanguage\":\"en-US\"},{\"@type\":\"Person\",\"@id\":\"https:\/\/technews.al\/#\/schema\/person\/0d9ed995a903005f5e36e2bb709a98aa\",\"name\":\"Tech Expert\",\"image\":{\"@type\":\"ImageObject\",\"inLanguage\":\"en-US\",\"@id\":\"https:\/\/technews.al\/#\/schema\/person\/image\/\",\"url\":\"https:\/\/technews.al\/wp-content\/uploads\/2023\/11\/Untitled-design-1-96x96.jpg\",\"contentUrl\":\"https:\/\/technews.al\/wp-content\/uploads\/2023\/11\/Untitled-design-1-96x96.jpg\",\"caption\":\"Tech Expert\"},\"url\":\"https:\/\/technews.al\/?author=4\"}]}<\/script>\n<!-- \/ Yoast SEO plugin. -->","yoast_head_json":{"title":"\u00c7far\u00eb k\u00ebrkon Papa Fran\u00e7esku n\u00eb samitin e G7 p\u00ebr Inteligjenc\u00ebn Artificiale? - Technews.al","robots":{"index":"index","follow":"follow","max-snippet":"max-snippet:-1","max-image-preview":"max-image-preview:large","max-video-preview":"max-video-preview:-1"},"canonical":"https:\/\/technews.al\/?p=18464","og_locale":"en_US","og_type":"article","og_title":"\u00c7far\u00eb k\u00ebrkon Papa Fran\u00e7esku n\u00eb samitin e G7 p\u00ebr Inteligjenc\u00ebn Artificiale? - Technews.al","og_description":"B\u00ebhet e ditur se samiti i kryesuar nga Italia do t\u00eb zhvillohet me 13-15 qershor n\u00eb Borgo Egnazia, Pulia, nd\u00ebrsa pjes\u00ebmarrja e Pap\u00ebs u konfirmua nga Selia e Shenjt\u00eb. Meloni e cila aktualisht kryeson G7, n\u00eb samitin e qershorit do t\u00eb pres\u00eb lider\u00eb nga Britania e Madhe, Kanadaja, Franca, Gjermania, Japonia dhe SHBA-ja Me an\u00eb","og_url":"https:\/\/technews.al\/?p=18464","og_site_name":"Technews.al","article_published_time":"2024-04-30T08:06:15+00:00","og_image":[{"width":800,"height":533,"url":"https:\/\/technews.al\/wp-content\/uploads\/2024\/04\/Pope-Francis.jpeg","type":"image\/jpeg"}],"author":"Tech Expert","twitter_card":"summary_large_image","twitter_misc":{"Written by":"Tech Expert","Est. reading time":"1 minute"},"schema":{"@context":"https:\/\/schema.org","@graph":[{"@type":"WebPage","@id":"https:\/\/technews.al\/?p=18464","url":"https:\/\/technews.al\/?p=18464","name":"\u00c7far\u00eb k\u00ebrkon Papa Fran\u00e7esku n\u00eb samitin e G7 p\u00ebr Inteligjenc\u00ebn Artificiale? - Technews.al","isPartOf":{"@id":"https:\/\/technews.al\/#website"},"primaryImageOfPage":{"@id":"https:\/\/technews.al\/?p=18464#primaryimage"},"image":{"@id":"https:\/\/technews.al\/?p=18464#primaryimage"},"thumbnailUrl":"https:\/\/technews.al\/wp-content\/uploads\/2024\/04\/Pope-Francis.jpeg","datePublished":"2024-04-30T08:06:15+00:00","dateModified":"2024-04-30T08:06:15+00:00","author":{"@id":"https:\/\/technews.al\/#\/schema\/person\/0d9ed995a903005f5e36e2bb709a98aa"},"breadcrumb":{"@id":"https:\/\/technews.al\/?p=18464#breadcrumb"},"inLanguage":"en-US","potentialAction":[{"@type":"ReadAction","target":["https:\/\/technews.al\/?p=18464"]}]},{"@type":"ImageObject","inLanguage":"en-US","@id":"https:\/\/technews.al\/?p=18464#primaryimage","url":"https:\/\/technews.al\/wp-content\/uploads\/2024\/04\/Pope-Francis.jpeg","contentUrl":"https:\/\/technews.al\/wp-content\/uploads\/2024\/04\/Pope-Francis.jpeg","width":800,"height":533},{"@type":"BreadcrumbList","@id":"https:\/\/technews.al\/?p=18464#breadcrumb","itemListElement":[{"@type":"ListItem","position":1,"name":"Home","item":"https:\/\/technews.al\/"},{"@type":"ListItem","position":2,"name":"\u00c7far\u00eb k\u00ebrkon Papa Fran\u00e7esku n\u00eb samitin e G7 p\u00ebr Inteligjenc\u00ebn Artificiale?"}]},{"@type":"WebSite","@id":"https:\/\/technews.al\/#website","url":"https:\/\/technews.al\/","name":"Technews.al","description":"","potentialAction":[{"@type":"SearchAction","target":{"@type":"EntryPoint","urlTemplate":"https:\/\/technews.al\/?s={search_term_string}"},"query-input":"required name=search_term_string"}],"inLanguage":"en-US"},{"@type":"Person","@id":"https:\/\/technews.al\/#\/schema\/person\/0d9ed995a903005f5e36e2bb709a98aa","name":"Tech Expert","image":{"@type":"ImageObject","inLanguage":"en-US","@id":"https:\/\/technews.al\/#\/schema\/person\/image\/","url":"https:\/\/technews.al\/wp-content\/uploads\/2023\/11\/Untitled-design-1-96x96.jpg","contentUrl":"https:\/\/technews.al\/wp-content\/uploads\/2023\/11\/Untitled-design-1-96x96.jpg","caption":"Tech Expert"},"url":"https:\/\/technews.al\/?author=4"}]}},"_links":{"self":[{"href":"https:\/\/technews.al\/index.php?rest_route=\/wp\/v2\/posts\/18464"}],"collection":[{"href":"https:\/\/technews.al\/index.php?rest_route=\/wp\/v2\/posts"}],"about":[{"href":"https:\/\/technews.al\/index.php?rest_route=\/wp\/v2\/types\/post"}],"author":[{"embeddable":true,"href":"https:\/\/technews.al\/index.php?rest_route=\/wp\/v2\/users\/4"}],"replies":[{"embeddable":true,"href":"https:\/\/technews.al\/index.php?rest_route=%2Fwp%2Fv2%2Fcomments&post=18464"}],"version-history":[{"count":1,"href":"https:\/\/technews.al\/index.php?rest_route=\/wp\/v2\/posts\/18464\/revisions"}],"predecessor-version":[{"id":18465,"href":"https:\/\/technews.al\/index.php?rest_route=\/wp\/v2\/posts\/18464\/revisions\/18465"}],"wp:featuredmedia":[{"embeddable":true,"href":"https:\/\/technews.al\/index.php?rest_route=\/wp\/v2\/media\/18466"}],"wp:attachment":[{"href":"https:\/\/technews.al\/index.php?rest_route=%2Fwp%2Fv2%2Fmedia&parent=18464"}],"wp:term":[{"taxonomy":"category","embeddable":true,"href":"https:\/\/technews.al\/index.php?rest_route=%2Fwp%2Fv2%2Fcategories&post=18464"},{"taxonomy":"post_tag","embeddable":true,"href":"https:\/\/technews.al\/index.php?rest_route=%2Fwp%2Fv2%2Ftags&post=18464"}],"curies":[{"name":"wp","href":"https:\/\/api.w.org\/{rel}","templated":true}]}}