{"id":19587,"date":"2024-07-11T08:33:19","date_gmt":"2024-07-11T07:33:19","guid":{"rendered":"https:\/\/technews.al\/?p=19587"},"modified":"2024-07-11T08:33:19","modified_gmt":"2024-07-11T07:33:19","slug":"facebook-dhe-instagram-rregulla-te-reja-cfare-duhet-te-keni-parasysh-qe-te-mos-penalizoheni","status":"publish","type":"post","link":"https:\/\/technews.al\/?p=19587","title":{"rendered":"Facebook dhe Instagram rregulla t\u00eb reja\/ \u00c7far\u00eb duhet t\u00eb keni parasysh q\u00eb t\u00eb mos penalizoheni"},"content":{"rendered":"\n<p>Meta Platforms tha t\u00eb mart\u00ebn se do t\u00eb filloj\u00eb t\u00eb heq\u00eb m\u00eb shum\u00eb postime q\u00eb synojn\u00eb \u201czionist\u00ebt\u201d kur termi p\u00ebrdoret p\u00ebr t\u2019iu referuar popullit hebre dhe izraelit\u00ebve n\u00eb vend q\u00eb t\u00eb p\u00ebrfaq\u00ebsoj\u00eb mb\u00ebshtet\u00ebsit e l\u00ebvizjes politike.<\/p>\n\n\n\n<p>Kompania m\u00ebm\u00eb e Facebook dhe Instagram tha n\u00eb nj\u00eb postim n\u00eb blog se do t\u00eb hiqte p\u00ebrmbajtjen \u201cq\u00eb sulmon \u2018zionist\u00ebt\u2019 kur nuk ka t\u00eb b\u00ebj\u00eb n\u00eb m\u00ebnyr\u00eb eksplicite p\u00ebr l\u00ebvizjen politike\u201d dhe p\u00ebrdor stereotipe antisemitike ose k\u00ebrc\u00ebnon d\u00ebmin n\u00ebp\u00ebrmjet frik\u00ebsimit ose dhun\u00ebs s\u00eb drejtuar kund\u00ebr hebrenjve ose izraelit\u00ebve.<\/p>\n\n\n\n<h2 class=\"wp-block-heading\">Lexo edhe: <a href=\"https:\/\/technews.al\/?p=19038\">Instagram dhe Facebook do t\u00eb trajnojn\u00eb Inteligjenc\u00ebn Artificiale me fotot dhe postimet tuaja, ja si ta ndaloni k\u00ebt\u00eb gj\u00eb<\/a><\/h2>\n\n\n\n<p>Politika e gjuh\u00ebs s\u00eb urrejtjes s\u00eb Metas ndalon sulmet e drejtp\u00ebrdrejta ndaj njer\u00ebzve n\u00eb baz\u00eb t\u00eb atyre q\u00eb ajo i quan karakteristika t\u00eb mbrojtura, t\u00eb cilat p\u00ebrfshijn\u00eb rac\u00ebn, p\u00ebrkat\u00ebsin\u00eb etnike, p\u00ebrkat\u00ebsin\u00eb fetare, aft\u00ebsin\u00eb e kufizuar dhe identitetin gjinor, nd\u00ebr t\u00eb tjera.<\/p>\n\n\n\n<p>P\u00ebrdit\u00ebsimi i politikave, i cili pason konsultimet e Meta-s me aktor\u00eb q\u00eb p\u00ebrfaq\u00ebsojn\u00eb shoq\u00ebrin\u00eb civile dhe akademin\u00eb n\u00eb t\u00eb gjith\u00eb rajonet globale, vjen nd\u00ebrsa tensionet p\u00ebrshkall\u00ebzohen n\u00eb Lindjen e Mesme mes luft\u00ebs s\u00eb Izraelit ndaj Gaz\u00ebs.<\/p>\n","protected":false},"excerpt":{"rendered":"<p>Meta Platforms tha t\u00eb mart\u00ebn se do t\u00eb filloj\u00eb t\u00eb heq\u00eb m\u00eb shum\u00eb postime q\u00eb synojn\u00eb \u201czionist\u00ebt\u201d kur termi p\u00ebrdoret p\u00ebr t\u2019iu referuar popullit hebre dhe izraelit\u00ebve n\u00eb vend q\u00eb t\u00eb p\u00ebrfaq\u00ebsoj\u00eb mb\u00ebshtet\u00ebsit e l\u00ebvizjes politike. Kompania m\u00ebm\u00eb e Facebook dhe Instagram tha n\u00eb nj\u00eb postim n\u00eb blog se do t\u00eb hiqte p\u00ebrmbajtjen \u201cq\u00eb sulmon<\/p>\n","protected":false},"author":4,"featured_media":18995,"comment_status":"open","ping_status":"open","sticky":false,"template":"","format":"standard","meta":{"footnotes":""},"categories":[341],"tags":[40],"class_list":{"0":"post-19587","1":"post","2":"type-post","3":"status-publish","4":"format-standard","5":"has-post-thumbnail","7":"category-social-media","8":"tag-featured"},"yoast_head":"<!-- This site is optimized with the Yoast SEO plugin v22.4 - https:\/\/yoast.com\/wordpress\/plugins\/seo\/ -->\n<title>Facebook dhe Instagram rregulla t\u00eb reja\/ \u00c7far\u00eb duhet t\u00eb keni parasysh q\u00eb t\u00eb mos penalizoheni - Technews.al<\/title>\n<meta name=\"robots\" content=\"index, follow, max-snippet:-1, max-image-preview:large, max-video-preview:-1\" \/>\n<link rel=\"canonical\" href=\"https:\/\/technews.al\/?p=19587\" \/>\n<meta property=\"og:locale\" content=\"en_US\" \/>\n<meta property=\"og:type\" content=\"article\" \/>\n<meta property=\"og:title\" content=\"Facebook dhe Instagram rregulla t\u00eb reja\/ \u00c7far\u00eb duhet t\u00eb keni parasysh q\u00eb t\u00eb mos penalizoheni - Technews.al\" \/>\n<meta property=\"og:description\" content=\"Meta Platforms tha t\u00eb mart\u00ebn se do t\u00eb filloj\u00eb t\u00eb heq\u00eb m\u00eb shum\u00eb postime q\u00eb synojn\u00eb \u201czionist\u00ebt\u201d kur termi p\u00ebrdoret p\u00ebr t\u2019iu referuar popullit hebre dhe izraelit\u00ebve n\u00eb vend q\u00eb t\u00eb p\u00ebrfaq\u00ebsoj\u00eb mb\u00ebshtet\u00ebsit e l\u00ebvizjes politike. Kompania m\u00ebm\u00eb e Facebook dhe Instagram tha n\u00eb nj\u00eb postim n\u00eb blog se do t\u00eb hiqte p\u00ebrmbajtjen \u201cq\u00eb sulmon\" \/>\n<meta property=\"og:url\" content=\"https:\/\/technews.al\/?p=19587\" \/>\n<meta property=\"og:site_name\" content=\"Technews.al\" \/>\n<meta property=\"article:published_time\" content=\"2024-07-11T07:33:19+00:00\" \/>\n<meta property=\"og:image\" content=\"https:\/\/technews.al\/wp-content\/uploads\/2024\/06\/Social-media-on-phone.jpg.webp\" \/>\n\t<meta property=\"og:image:width\" content=\"1280\" \/>\n\t<meta property=\"og:image:height\" content=\"720\" \/>\n\t<meta property=\"og:image:type\" content=\"image\/webp\" \/>\n<meta name=\"author\" content=\"Tech Expert\" \/>\n<meta name=\"twitter:card\" content=\"summary_large_image\" \/>\n<meta name=\"twitter:label1\" content=\"Written by\" \/>\n\t<meta name=\"twitter:data1\" content=\"Tech Expert\" \/>\n\t<meta name=\"twitter:label2\" content=\"Est. reading time\" \/>\n\t<meta name=\"twitter:data2\" content=\"1 minute\" \/>\n<script type=\"application\/ld+json\" class=\"yoast-schema-graph\">{\"@context\":\"https:\/\/schema.org\",\"@graph\":[{\"@type\":\"WebPage\",\"@id\":\"https:\/\/technews.al\/?p=19587\",\"url\":\"https:\/\/technews.al\/?p=19587\",\"name\":\"Facebook dhe Instagram rregulla t\u00eb reja\/ \u00c7far\u00eb duhet t\u00eb keni parasysh q\u00eb t\u00eb mos penalizoheni - Technews.al\",\"isPartOf\":{\"@id\":\"https:\/\/technews.al\/#website\"},\"primaryImageOfPage\":{\"@id\":\"https:\/\/technews.al\/?p=19587#primaryimage\"},\"image\":{\"@id\":\"https:\/\/technews.al\/?p=19587#primaryimage\"},\"thumbnailUrl\":\"https:\/\/technews.al\/wp-content\/uploads\/2024\/06\/Social-media-on-phone.jpg.webp\",\"datePublished\":\"2024-07-11T07:33:19+00:00\",\"dateModified\":\"2024-07-11T07:33:19+00:00\",\"author\":{\"@id\":\"https:\/\/technews.al\/#\/schema\/person\/0d9ed995a903005f5e36e2bb709a98aa\"},\"breadcrumb\":{\"@id\":\"https:\/\/technews.al\/?p=19587#breadcrumb\"},\"inLanguage\":\"en-US\",\"potentialAction\":[{\"@type\":\"ReadAction\",\"target\":[\"https:\/\/technews.al\/?p=19587\"]}]},{\"@type\":\"ImageObject\",\"inLanguage\":\"en-US\",\"@id\":\"https:\/\/technews.al\/?p=19587#primaryimage\",\"url\":\"https:\/\/technews.al\/wp-content\/uploads\/2024\/06\/Social-media-on-phone.jpg.webp\",\"contentUrl\":\"https:\/\/technews.al\/wp-content\/uploads\/2024\/06\/Social-media-on-phone.jpg.webp\",\"width\":1280,\"height\":720},{\"@type\":\"BreadcrumbList\",\"@id\":\"https:\/\/technews.al\/?p=19587#breadcrumb\",\"itemListElement\":[{\"@type\":\"ListItem\",\"position\":1,\"name\":\"Home\",\"item\":\"https:\/\/technews.al\/\"},{\"@type\":\"ListItem\",\"position\":2,\"name\":\"Facebook dhe Instagram rregulla t\u00eb reja\/ \u00c7far\u00eb duhet t\u00eb keni parasysh q\u00eb t\u00eb mos penalizoheni\"}]},{\"@type\":\"WebSite\",\"@id\":\"https:\/\/technews.al\/#website\",\"url\":\"https:\/\/technews.al\/\",\"name\":\"Technews.al\",\"description\":\"\",\"potentialAction\":[{\"@type\":\"SearchAction\",\"target\":{\"@type\":\"EntryPoint\",\"urlTemplate\":\"https:\/\/technews.al\/?s={search_term_string}\"},\"query-input\":\"required name=search_term_string\"}],\"inLanguage\":\"en-US\"},{\"@type\":\"Person\",\"@id\":\"https:\/\/technews.al\/#\/schema\/person\/0d9ed995a903005f5e36e2bb709a98aa\",\"name\":\"Tech Expert\",\"image\":{\"@type\":\"ImageObject\",\"inLanguage\":\"en-US\",\"@id\":\"https:\/\/technews.al\/#\/schema\/person\/image\/\",\"url\":\"https:\/\/technews.al\/wp-content\/uploads\/2023\/11\/Untitled-design-1-96x96.jpg\",\"contentUrl\":\"https:\/\/technews.al\/wp-content\/uploads\/2023\/11\/Untitled-design-1-96x96.jpg\",\"caption\":\"Tech Expert\"},\"url\":\"https:\/\/technews.al\/?author=4\"}]}<\/script>\n<!-- \/ Yoast SEO plugin. -->","yoast_head_json":{"title":"Facebook dhe Instagram rregulla t\u00eb reja\/ \u00c7far\u00eb duhet t\u00eb keni parasysh q\u00eb t\u00eb mos penalizoheni - Technews.al","robots":{"index":"index","follow":"follow","max-snippet":"max-snippet:-1","max-image-preview":"max-image-preview:large","max-video-preview":"max-video-preview:-1"},"canonical":"https:\/\/technews.al\/?p=19587","og_locale":"en_US","og_type":"article","og_title":"Facebook dhe Instagram rregulla t\u00eb reja\/ \u00c7far\u00eb duhet t\u00eb keni parasysh q\u00eb t\u00eb mos penalizoheni - Technews.al","og_description":"Meta Platforms tha t\u00eb mart\u00ebn se do t\u00eb filloj\u00eb t\u00eb heq\u00eb m\u00eb shum\u00eb postime q\u00eb synojn\u00eb \u201czionist\u00ebt\u201d kur termi p\u00ebrdoret p\u00ebr t\u2019iu referuar popullit hebre dhe izraelit\u00ebve n\u00eb vend q\u00eb t\u00eb p\u00ebrfaq\u00ebsoj\u00eb mb\u00ebshtet\u00ebsit e l\u00ebvizjes politike. Kompania m\u00ebm\u00eb e Facebook dhe Instagram tha n\u00eb nj\u00eb postim n\u00eb blog se do t\u00eb hiqte p\u00ebrmbajtjen \u201cq\u00eb sulmon","og_url":"https:\/\/technews.al\/?p=19587","og_site_name":"Technews.al","article_published_time":"2024-07-11T07:33:19+00:00","og_image":[{"width":1280,"height":720,"url":"https:\/\/technews.al\/wp-content\/uploads\/2024\/06\/Social-media-on-phone.jpg.webp","type":"image\/webp"}],"author":"Tech Expert","twitter_card":"summary_large_image","twitter_misc":{"Written by":"Tech Expert","Est. reading time":"1 minute"},"schema":{"@context":"https:\/\/schema.org","@graph":[{"@type":"WebPage","@id":"https:\/\/technews.al\/?p=19587","url":"https:\/\/technews.al\/?p=19587","name":"Facebook dhe Instagram rregulla t\u00eb reja\/ \u00c7far\u00eb duhet t\u00eb keni parasysh q\u00eb t\u00eb mos penalizoheni - Technews.al","isPartOf":{"@id":"https:\/\/technews.al\/#website"},"primaryImageOfPage":{"@id":"https:\/\/technews.al\/?p=19587#primaryimage"},"image":{"@id":"https:\/\/technews.al\/?p=19587#primaryimage"},"thumbnailUrl":"https:\/\/technews.al\/wp-content\/uploads\/2024\/06\/Social-media-on-phone.jpg.webp","datePublished":"2024-07-11T07:33:19+00:00","dateModified":"2024-07-11T07:33:19+00:00","author":{"@id":"https:\/\/technews.al\/#\/schema\/person\/0d9ed995a903005f5e36e2bb709a98aa"},"breadcrumb":{"@id":"https:\/\/technews.al\/?p=19587#breadcrumb"},"inLanguage":"en-US","potentialAction":[{"@type":"ReadAction","target":["https:\/\/technews.al\/?p=19587"]}]},{"@type":"ImageObject","inLanguage":"en-US","@id":"https:\/\/technews.al\/?p=19587#primaryimage","url":"https:\/\/technews.al\/wp-content\/uploads\/2024\/06\/Social-media-on-phone.jpg.webp","contentUrl":"https:\/\/technews.al\/wp-content\/uploads\/2024\/06\/Social-media-on-phone.jpg.webp","width":1280,"height":720},{"@type":"BreadcrumbList","@id":"https:\/\/technews.al\/?p=19587#breadcrumb","itemListElement":[{"@type":"ListItem","position":1,"name":"Home","item":"https:\/\/technews.al\/"},{"@type":"ListItem","position":2,"name":"Facebook dhe Instagram rregulla t\u00eb reja\/ \u00c7far\u00eb duhet t\u00eb keni parasysh q\u00eb t\u00eb mos penalizoheni"}]},{"@type":"WebSite","@id":"https:\/\/technews.al\/#website","url":"https:\/\/technews.al\/","name":"Technews.al","description":"","potentialAction":[{"@type":"SearchAction","target":{"@type":"EntryPoint","urlTemplate":"https:\/\/technews.al\/?s={search_term_string}"},"query-input":"required name=search_term_string"}],"inLanguage":"en-US"},{"@type":"Person","@id":"https:\/\/technews.al\/#\/schema\/person\/0d9ed995a903005f5e36e2bb709a98aa","name":"Tech Expert","image":{"@type":"ImageObject","inLanguage":"en-US","@id":"https:\/\/technews.al\/#\/schema\/person\/image\/","url":"https:\/\/technews.al\/wp-content\/uploads\/2023\/11\/Untitled-design-1-96x96.jpg","contentUrl":"https:\/\/technews.al\/wp-content\/uploads\/2023\/11\/Untitled-design-1-96x96.jpg","caption":"Tech Expert"},"url":"https:\/\/technews.al\/?author=4"}]}},"_links":{"self":[{"href":"https:\/\/technews.al\/index.php?rest_route=\/wp\/v2\/posts\/19587"}],"collection":[{"href":"https:\/\/technews.al\/index.php?rest_route=\/wp\/v2\/posts"}],"about":[{"href":"https:\/\/technews.al\/index.php?rest_route=\/wp\/v2\/types\/post"}],"author":[{"embeddable":true,"href":"https:\/\/technews.al\/index.php?rest_route=\/wp\/v2\/users\/4"}],"replies":[{"embeddable":true,"href":"https:\/\/technews.al\/index.php?rest_route=%2Fwp%2Fv2%2Fcomments&post=19587"}],"version-history":[{"count":1,"href":"https:\/\/technews.al\/index.php?rest_route=\/wp\/v2\/posts\/19587\/revisions"}],"predecessor-version":[{"id":19588,"href":"https:\/\/technews.al\/index.php?rest_route=\/wp\/v2\/posts\/19587\/revisions\/19588"}],"wp:featuredmedia":[{"embeddable":true,"href":"https:\/\/technews.al\/index.php?rest_route=\/wp\/v2\/media\/18995"}],"wp:attachment":[{"href":"https:\/\/technews.al\/index.php?rest_route=%2Fwp%2Fv2%2Fmedia&parent=19587"}],"wp:term":[{"taxonomy":"category","embeddable":true,"href":"https:\/\/technews.al\/index.php?rest_route=%2Fwp%2Fv2%2Fcategories&post=19587"},{"taxonomy":"post_tag","embeddable":true,"href":"https:\/\/technews.al\/index.php?rest_route=%2Fwp%2Fv2%2Ftags&post=19587"}],"curies":[{"name":"wp","href":"https:\/\/api.w.org\/{rel}","templated":true}]}}