{"id":19616,"date":"2024-07-12T09:35:29","date_gmt":"2024-07-12T08:35:29","guid":{"rendered":"https:\/\/technews.al\/?p=19616"},"modified":"2024-07-12T09:35:30","modified_gmt":"2024-07-12T08:35:30","slug":"matja-e-audiences-ne-shqiperi-nje-hap-i-rendesishem-per-tregun-audioviziv","status":"publish","type":"post","link":"https:\/\/technews.al\/?p=19616","title":{"rendered":"Matja e Audienc\u00ebs n\u00eb Shqip\u00ebri: Nj\u00eb Hap i R\u00ebnd\u00ebsish\u00ebm p\u00ebr Tregun Audioviziv"},"content":{"rendered":"\n<p>Autoriteti i Mediave Audiovizive (AMA) ka lajm\u00ebruar n\u00ebp\u00ebrmjet Kryetares s\u00eb tij, Znj. Armela Krasniqi p\u00ebr nism\u00ebn e ngritjen s\u00eb nj\u00eb prej instrumenteve m\u00eb t\u00eb r\u00ebnd\u00ebsish\u00ebm p\u00ebr tregun audioviziv n\u00eb Shqip\u00ebri: Matja e Audienc\u00ebs. Kjo nism\u00eb, e cila ka marr\u00eb m\u00eb shum\u00eb se gjasht\u00eb muaj p\u00ebr t\u00eb realizuar, ka p\u00ebrfshir\u00eb negociata intensive dhe nj\u00eb proces nxit\u00ebs p\u00ebr t\u00eb gjitha pal\u00ebt e interesuara.<\/p>\n\n\n\n<figure class=\"wp-block-image size-full\"><img loading=\"lazy\" decoding=\"async\" width=\"960\" height=\"720\" src=\"https:\/\/technews.al\/wp-content\/uploads\/2024\/07\/450306057_1188806899146105_254380294621385599_n.jpg\" alt=\"\" class=\"wp-image-19619\" srcset=\"https:\/\/technews.al\/wp-content\/uploads\/2024\/07\/450306057_1188806899146105_254380294621385599_n.jpg 960w, https:\/\/technews.al\/wp-content\/uploads\/2024\/07\/450306057_1188806899146105_254380294621385599_n-300x225.jpg 300w, https:\/\/technews.al\/wp-content\/uploads\/2024\/07\/450306057_1188806899146105_254380294621385599_n-768x576.jpg 768w, https:\/\/technews.al\/wp-content\/uploads\/2024\/07\/450306057_1188806899146105_254380294621385599_n-150x113.jpg 150w, https:\/\/technews.al\/wp-content\/uploads\/2024\/07\/450306057_1188806899146105_254380294621385599_n-450x338.jpg 450w\" sizes=\"(max-width: 960px) 100vw, 960px\" \/><\/figure>\n\n\n\n<p>Dje, AMA zyrtarizoi Komitetin e P\u00ebrbashk\u00ebt t\u00eb Industris\u00eb (KPI), nj\u00eb organ q\u00eb do t\u00eb vazhdoj\u00eb pun\u00ebn p\u00ebr fillimin e procesit t\u00eb Matjes s\u00eb Audienc\u00ebs. Ky komitet \u00ebsht\u00eb formuar pas p\u00ebrzgjedhjes s\u00eb tre televizioneve bart\u00ebs t\u00eb licencave rajonale, dhe tani \u00ebsht\u00eb plot\u00ebsuar me n\u00ebnt\u00eb an\u00ebtar\u00eb t\u00eb zgjedhur nga Organizatat e Sh\u00ebrbimit Mediatik Audioviziv (OSHMA).<\/p>\n\n\n\n<figure class=\"wp-block-image size-large\"><img loading=\"lazy\" decoding=\"async\" width=\"1024\" height=\"768\" src=\"https:\/\/technews.al\/wp-content\/uploads\/2024\/07\/450543368_1188806812479447_6297883776937677501_n-1024x768.jpg\" alt=\"\" class=\"wp-image-19618\" srcset=\"https:\/\/technews.al\/wp-content\/uploads\/2024\/07\/450543368_1188806812479447_6297883776937677501_n-1024x768.jpg 1024w, https:\/\/technews.al\/wp-content\/uploads\/2024\/07\/450543368_1188806812479447_6297883776937677501_n-300x225.jpg 300w, https:\/\/technews.al\/wp-content\/uploads\/2024\/07\/450543368_1188806812479447_6297883776937677501_n-768x576.jpg 768w, https:\/\/technews.al\/wp-content\/uploads\/2024\/07\/450543368_1188806812479447_6297883776937677501_n-1536x1152.jpg 1536w, https:\/\/technews.al\/wp-content\/uploads\/2024\/07\/450543368_1188806812479447_6297883776937677501_n-150x113.jpg 150w, https:\/\/technews.al\/wp-content\/uploads\/2024\/07\/450543368_1188806812479447_6297883776937677501_n-450x338.jpg 450w, https:\/\/technews.al\/wp-content\/uploads\/2024\/07\/450543368_1188806812479447_6297883776937677501_n-1200x900.jpg 1200w, https:\/\/technews.al\/wp-content\/uploads\/2024\/07\/450543368_1188806812479447_6297883776937677501_n.jpg 1600w\" sizes=\"(max-width: 1024px) 100vw, 1024px\" \/><\/figure>\n\n\n\n<p>Komiteti i P\u00ebrbashk\u00ebt i Industris\u00eb \u00ebsht\u00eb formuar n\u00eb baz\u00eb t\u00eb kritereve t\u00eb vendosura nga vet\u00eb grupet e pun\u00ebs me p\u00ebrfaq\u00ebsues t\u00eb televizioneve dhe \u00ebsht\u00eb p\u00ebrzgjedhur nga OSHMA-t\u00eb pjes\u00ebmarr\u00ebse n\u00eb tryezat e organizuara nga AMA. Pas formimit, hapi i radh\u00ebs p\u00ebr KPI-n\u00eb \u00ebsht\u00eb regjistrimi n\u00eb gjykat\u00eb dhe m\u00eb tej vendimmarrja p\u00ebr vijimin e procesit t\u00eb Matjes s\u00eb Audienc\u00ebs.<\/p>\n\n\n\n<figure class=\"wp-block-image size-full\"><img loading=\"lazy\" decoding=\"async\" width=\"960\" height=\"720\" src=\"https:\/\/technews.al\/wp-content\/uploads\/2024\/07\/450307277_1188806759146119_2130105003690556673_n.jpg\" alt=\"\" class=\"wp-image-19620\" srcset=\"https:\/\/technews.al\/wp-content\/uploads\/2024\/07\/450307277_1188806759146119_2130105003690556673_n.jpg 960w, https:\/\/technews.al\/wp-content\/uploads\/2024\/07\/450307277_1188806759146119_2130105003690556673_n-300x225.jpg 300w, https:\/\/technews.al\/wp-content\/uploads\/2024\/07\/450307277_1188806759146119_2130105003690556673_n-768x576.jpg 768w, https:\/\/technews.al\/wp-content\/uploads\/2024\/07\/450307277_1188806759146119_2130105003690556673_n-150x113.jpg 150w, https:\/\/technews.al\/wp-content\/uploads\/2024\/07\/450307277_1188806759146119_2130105003690556673_n-450x338.jpg 450w\" sizes=\"(max-width: 960px) 100vw, 960px\" \/><\/figure>\n\n\n\n<p>Kryetarja e AMA-s ka shprehur fal\u00ebnderimet e saj ndaj OSHMA-ve p\u00ebr vullnetin pozitiv dhe bashk\u00ebpunimin e tyre n\u00eb arritjen e k\u00ebtij objektivi t\u00eb r\u00ebnd\u00ebsish\u00ebm. Matja e Audienc\u00ebs do t\u00eb jet\u00eb nj\u00eb instrument ky\u00e7 p\u00ebr t\u00eb gjith\u00eb tregun audioviziv, duke ndihmuar n\u00eb p\u00ebrcaktimin e shikueshm\u00ebris\u00eb dhe preferencave t\u00eb audienc\u00ebs, \u00e7ka do t\u00eb ndihmoj\u00eb n\u00eb p\u00ebrmir\u00ebsimin e cil\u00ebsis\u00eb s\u00eb p\u00ebrmbajtjeve t\u00eb transmetuara.<\/p>\n\n\n\n<figure class=\"wp-block-image size-full\"><img loading=\"lazy\" decoding=\"async\" width=\"720\" height=\"960\" src=\"https:\/\/technews.al\/wp-content\/uploads\/2024\/07\/450106953_1188806855812776_7584031235537641325_n.jpg\" alt=\"\" class=\"wp-image-19621\" srcset=\"https:\/\/technews.al\/wp-content\/uploads\/2024\/07\/450106953_1188806855812776_7584031235537641325_n.jpg 720w, https:\/\/technews.al\/wp-content\/uploads\/2024\/07\/450106953_1188806855812776_7584031235537641325_n-225x300.jpg 225w, https:\/\/technews.al\/wp-content\/uploads\/2024\/07\/450106953_1188806855812776_7584031235537641325_n-150x200.jpg 150w, https:\/\/technews.al\/wp-content\/uploads\/2024\/07\/450106953_1188806855812776_7584031235537641325_n-450x600.jpg 450w\" sizes=\"(max-width: 720px) 100vw, 720px\" \/><\/figure>\n\n\n\n<p>Me p\u00ebrmbylljen e suksesshme t\u00eb k\u00ebsaj nisme, Shqip\u00ebria po b\u00ebn nj\u00eb hap t\u00eb r\u00ebnd\u00ebsish\u00ebm drejt p\u00ebrmir\u00ebsimit t\u00eb standardeve t\u00eb tregut audioviziv. Matja e Audienc\u00ebs do t\u00eb sjell\u00eb transparenc\u00eb dhe sakt\u00ebsi n\u00eb raportimin e shikueshm\u00ebris\u00eb, duke mund\u00ebsuar k\u00ebshtu nj\u00eb p\u00ebrmir\u00ebsim t\u00eb p\u00ebrgjithsh\u00ebm t\u00eb cil\u00ebsis\u00eb s\u00eb programeve televizive dhe nj\u00eb p\u00ebrvoj\u00eb m\u00eb t\u00eb mir\u00eb p\u00ebr audienc\u00ebn shqiptare.<\/p>\n","protected":false},"excerpt":{"rendered":"<p>Autoriteti i Mediave Audiovizive (AMA) ka lajm\u00ebruar n\u00ebp\u00ebrmjet Kryetares s\u00eb tij, Znj. Armela Krasniqi p\u00ebr nism\u00ebn e ngritjen s\u00eb nj\u00eb prej instrumenteve m\u00eb t\u00eb r\u00ebnd\u00ebsish\u00ebm p\u00ebr tregun audioviziv n\u00eb Shqip\u00ebri: Matja e Audienc\u00ebs. Kjo nism\u00eb, e cila ka marr\u00eb m\u00eb shum\u00eb se gjasht\u00eb muaj p\u00ebr t\u00eb realizuar, ka p\u00ebrfshir\u00eb negociata intensive dhe nj\u00eb proces nxit\u00ebs<\/p>\n","protected":false},"author":4,"featured_media":19617,"comment_status":"open","ping_status":"open","sticky":false,"template":"","format":"standard","meta":{"footnotes":""},"categories":[38],"tags":[40],"class_list":{"0":"post-19616","1":"post","2":"type-post","3":"status-publish","4":"format-standard","5":"has-post-thumbnail","7":"category-tech","8":"tag-featured"},"yoast_head":"<!-- This site is optimized with the Yoast SEO plugin v22.4 - https:\/\/yoast.com\/wordpress\/plugins\/seo\/ -->\n<title>Matja e Audienc\u00ebs n\u00eb Shqip\u00ebri: Nj\u00eb Hap i R\u00ebnd\u00ebsish\u00ebm p\u00ebr Tregun Audioviziv - Technews.al<\/title>\n<meta name=\"robots\" content=\"index, follow, max-snippet:-1, max-image-preview:large, max-video-preview:-1\" \/>\n<link rel=\"canonical\" href=\"https:\/\/technews.al\/?p=19616\" \/>\n<meta property=\"og:locale\" content=\"en_US\" \/>\n<meta property=\"og:type\" content=\"article\" \/>\n<meta property=\"og:title\" content=\"Matja e Audienc\u00ebs n\u00eb Shqip\u00ebri: Nj\u00eb Hap i R\u00ebnd\u00ebsish\u00ebm p\u00ebr Tregun Audioviziv - Technews.al\" \/>\n<meta property=\"og:description\" content=\"Autoriteti i Mediave Audiovizive (AMA) ka lajm\u00ebruar n\u00ebp\u00ebrmjet Kryetares s\u00eb tij, Znj. Armela Krasniqi p\u00ebr nism\u00ebn e ngritjen s\u00eb nj\u00eb prej instrumenteve m\u00eb t\u00eb r\u00ebnd\u00ebsish\u00ebm p\u00ebr tregun audioviziv n\u00eb Shqip\u00ebri: Matja e Audienc\u00ebs. Kjo nism\u00eb, e cila ka marr\u00eb m\u00eb shum\u00eb se gjasht\u00eb muaj p\u00ebr t\u00eb realizuar, ka p\u00ebrfshir\u00eb negociata intensive dhe nj\u00eb proces nxit\u00ebs\" \/>\n<meta property=\"og:url\" content=\"https:\/\/technews.al\/?p=19616\" \/>\n<meta property=\"og:site_name\" content=\"Technews.al\" \/>\n<meta property=\"article:published_time\" content=\"2024-07-12T08:35:29+00:00\" \/>\n<meta property=\"article:modified_time\" content=\"2024-07-12T08:35:30+00:00\" \/>\n<meta property=\"og:image\" content=\"https:\/\/technews.al\/wp-content\/uploads\/2024\/07\/450479785_1188806679146127_4119369137598694296_n.jpg\" \/>\n\t<meta property=\"og:image:width\" content=\"960\" \/>\n\t<meta property=\"og:image:height\" content=\"720\" \/>\n\t<meta property=\"og:image:type\" content=\"image\/jpeg\" \/>\n<meta name=\"author\" content=\"Tech Expert\" \/>\n<meta name=\"twitter:card\" content=\"summary_large_image\" \/>\n<meta name=\"twitter:label1\" content=\"Written by\" \/>\n\t<meta name=\"twitter:data1\" content=\"Tech Expert\" \/>\n\t<meta name=\"twitter:label2\" content=\"Est. reading time\" \/>\n\t<meta name=\"twitter:data2\" content=\"1 minute\" \/>\n<script type=\"application\/ld+json\" class=\"yoast-schema-graph\">{\"@context\":\"https:\/\/schema.org\",\"@graph\":[{\"@type\":\"WebPage\",\"@id\":\"https:\/\/technews.al\/?p=19616\",\"url\":\"https:\/\/technews.al\/?p=19616\",\"name\":\"Matja e Audienc\u00ebs n\u00eb Shqip\u00ebri: Nj\u00eb Hap i R\u00ebnd\u00ebsish\u00ebm p\u00ebr Tregun Audioviziv - Technews.al\",\"isPartOf\":{\"@id\":\"https:\/\/technews.al\/#website\"},\"primaryImageOfPage\":{\"@id\":\"https:\/\/technews.al\/?p=19616#primaryimage\"},\"image\":{\"@id\":\"https:\/\/technews.al\/?p=19616#primaryimage\"},\"thumbnailUrl\":\"https:\/\/technews.al\/wp-content\/uploads\/2024\/07\/450479785_1188806679146127_4119369137598694296_n.jpg\",\"datePublished\":\"2024-07-12T08:35:29+00:00\",\"dateModified\":\"2024-07-12T08:35:30+00:00\",\"author\":{\"@id\":\"https:\/\/technews.al\/#\/schema\/person\/0d9ed995a903005f5e36e2bb709a98aa\"},\"breadcrumb\":{\"@id\":\"https:\/\/technews.al\/?p=19616#breadcrumb\"},\"inLanguage\":\"en-US\",\"potentialAction\":[{\"@type\":\"ReadAction\",\"target\":[\"https:\/\/technews.al\/?p=19616\"]}]},{\"@type\":\"ImageObject\",\"inLanguage\":\"en-US\",\"@id\":\"https:\/\/technews.al\/?p=19616#primaryimage\",\"url\":\"https:\/\/technews.al\/wp-content\/uploads\/2024\/07\/450479785_1188806679146127_4119369137598694296_n.jpg\",\"contentUrl\":\"https:\/\/technews.al\/wp-content\/uploads\/2024\/07\/450479785_1188806679146127_4119369137598694296_n.jpg\",\"width\":960,\"height\":720},{\"@type\":\"BreadcrumbList\",\"@id\":\"https:\/\/technews.al\/?p=19616#breadcrumb\",\"itemListElement\":[{\"@type\":\"ListItem\",\"position\":1,\"name\":\"Home\",\"item\":\"https:\/\/technews.al\/\"},{\"@type\":\"ListItem\",\"position\":2,\"name\":\"Matja e Audienc\u00ebs n\u00eb Shqip\u00ebri: Nj\u00eb Hap i R\u00ebnd\u00ebsish\u00ebm p\u00ebr Tregun Audioviziv\"}]},{\"@type\":\"WebSite\",\"@id\":\"https:\/\/technews.al\/#website\",\"url\":\"https:\/\/technews.al\/\",\"name\":\"Technews.al\",\"description\":\"\",\"potentialAction\":[{\"@type\":\"SearchAction\",\"target\":{\"@type\":\"EntryPoint\",\"urlTemplate\":\"https:\/\/technews.al\/?s={search_term_string}\"},\"query-input\":\"required name=search_term_string\"}],\"inLanguage\":\"en-US\"},{\"@type\":\"Person\",\"@id\":\"https:\/\/technews.al\/#\/schema\/person\/0d9ed995a903005f5e36e2bb709a98aa\",\"name\":\"Tech Expert\",\"image\":{\"@type\":\"ImageObject\",\"inLanguage\":\"en-US\",\"@id\":\"https:\/\/technews.al\/#\/schema\/person\/image\/\",\"url\":\"https:\/\/technews.al\/wp-content\/uploads\/2023\/11\/Untitled-design-1-96x96.jpg\",\"contentUrl\":\"https:\/\/technews.al\/wp-content\/uploads\/2023\/11\/Untitled-design-1-96x96.jpg\",\"caption\":\"Tech Expert\"},\"url\":\"https:\/\/technews.al\/?author=4\"}]}<\/script>\n<!-- \/ Yoast SEO plugin. -->","yoast_head_json":{"title":"Matja e Audienc\u00ebs n\u00eb Shqip\u00ebri: Nj\u00eb Hap i R\u00ebnd\u00ebsish\u00ebm p\u00ebr Tregun Audioviziv - Technews.al","robots":{"index":"index","follow":"follow","max-snippet":"max-snippet:-1","max-image-preview":"max-image-preview:large","max-video-preview":"max-video-preview:-1"},"canonical":"https:\/\/technews.al\/?p=19616","og_locale":"en_US","og_type":"article","og_title":"Matja e Audienc\u00ebs n\u00eb Shqip\u00ebri: Nj\u00eb Hap i R\u00ebnd\u00ebsish\u00ebm p\u00ebr Tregun Audioviziv - Technews.al","og_description":"Autoriteti i Mediave Audiovizive (AMA) ka lajm\u00ebruar n\u00ebp\u00ebrmjet Kryetares s\u00eb tij, Znj. Armela Krasniqi p\u00ebr nism\u00ebn e ngritjen s\u00eb nj\u00eb prej instrumenteve m\u00eb t\u00eb r\u00ebnd\u00ebsish\u00ebm p\u00ebr tregun audioviziv n\u00eb Shqip\u00ebri: Matja e Audienc\u00ebs. Kjo nism\u00eb, e cila ka marr\u00eb m\u00eb shum\u00eb se gjasht\u00eb muaj p\u00ebr t\u00eb realizuar, ka p\u00ebrfshir\u00eb negociata intensive dhe nj\u00eb proces nxit\u00ebs","og_url":"https:\/\/technews.al\/?p=19616","og_site_name":"Technews.al","article_published_time":"2024-07-12T08:35:29+00:00","article_modified_time":"2024-07-12T08:35:30+00:00","og_image":[{"width":960,"height":720,"url":"https:\/\/technews.al\/wp-content\/uploads\/2024\/07\/450479785_1188806679146127_4119369137598694296_n.jpg","type":"image\/jpeg"}],"author":"Tech Expert","twitter_card":"summary_large_image","twitter_misc":{"Written by":"Tech Expert","Est. reading time":"1 minute"},"schema":{"@context":"https:\/\/schema.org","@graph":[{"@type":"WebPage","@id":"https:\/\/technews.al\/?p=19616","url":"https:\/\/technews.al\/?p=19616","name":"Matja e Audienc\u00ebs n\u00eb Shqip\u00ebri: Nj\u00eb Hap i R\u00ebnd\u00ebsish\u00ebm p\u00ebr Tregun Audioviziv - Technews.al","isPartOf":{"@id":"https:\/\/technews.al\/#website"},"primaryImageOfPage":{"@id":"https:\/\/technews.al\/?p=19616#primaryimage"},"image":{"@id":"https:\/\/technews.al\/?p=19616#primaryimage"},"thumbnailUrl":"https:\/\/technews.al\/wp-content\/uploads\/2024\/07\/450479785_1188806679146127_4119369137598694296_n.jpg","datePublished":"2024-07-12T08:35:29+00:00","dateModified":"2024-07-12T08:35:30+00:00","author":{"@id":"https:\/\/technews.al\/#\/schema\/person\/0d9ed995a903005f5e36e2bb709a98aa"},"breadcrumb":{"@id":"https:\/\/technews.al\/?p=19616#breadcrumb"},"inLanguage":"en-US","potentialAction":[{"@type":"ReadAction","target":["https:\/\/technews.al\/?p=19616"]}]},{"@type":"ImageObject","inLanguage":"en-US","@id":"https:\/\/technews.al\/?p=19616#primaryimage","url":"https:\/\/technews.al\/wp-content\/uploads\/2024\/07\/450479785_1188806679146127_4119369137598694296_n.jpg","contentUrl":"https:\/\/technews.al\/wp-content\/uploads\/2024\/07\/450479785_1188806679146127_4119369137598694296_n.jpg","width":960,"height":720},{"@type":"BreadcrumbList","@id":"https:\/\/technews.al\/?p=19616#breadcrumb","itemListElement":[{"@type":"ListItem","position":1,"name":"Home","item":"https:\/\/technews.al\/"},{"@type":"ListItem","position":2,"name":"Matja e Audienc\u00ebs n\u00eb Shqip\u00ebri: Nj\u00eb Hap i R\u00ebnd\u00ebsish\u00ebm p\u00ebr Tregun Audioviziv"}]},{"@type":"WebSite","@id":"https:\/\/technews.al\/#website","url":"https:\/\/technews.al\/","name":"Technews.al","description":"","potentialAction":[{"@type":"SearchAction","target":{"@type":"EntryPoint","urlTemplate":"https:\/\/technews.al\/?s={search_term_string}"},"query-input":"required name=search_term_string"}],"inLanguage":"en-US"},{"@type":"Person","@id":"https:\/\/technews.al\/#\/schema\/person\/0d9ed995a903005f5e36e2bb709a98aa","name":"Tech Expert","image":{"@type":"ImageObject","inLanguage":"en-US","@id":"https:\/\/technews.al\/#\/schema\/person\/image\/","url":"https:\/\/technews.al\/wp-content\/uploads\/2023\/11\/Untitled-design-1-96x96.jpg","contentUrl":"https:\/\/technews.al\/wp-content\/uploads\/2023\/11\/Untitled-design-1-96x96.jpg","caption":"Tech Expert"},"url":"https:\/\/technews.al\/?author=4"}]}},"_links":{"self":[{"href":"https:\/\/technews.al\/index.php?rest_route=\/wp\/v2\/posts\/19616"}],"collection":[{"href":"https:\/\/technews.al\/index.php?rest_route=\/wp\/v2\/posts"}],"about":[{"href":"https:\/\/technews.al\/index.php?rest_route=\/wp\/v2\/types\/post"}],"author":[{"embeddable":true,"href":"https:\/\/technews.al\/index.php?rest_route=\/wp\/v2\/users\/4"}],"replies":[{"embeddable":true,"href":"https:\/\/technews.al\/index.php?rest_route=%2Fwp%2Fv2%2Fcomments&post=19616"}],"version-history":[{"count":2,"href":"https:\/\/technews.al\/index.php?rest_route=\/wp\/v2\/posts\/19616\/revisions"}],"predecessor-version":[{"id":19623,"href":"https:\/\/technews.al\/index.php?rest_route=\/wp\/v2\/posts\/19616\/revisions\/19623"}],"wp:featuredmedia":[{"embeddable":true,"href":"https:\/\/technews.al\/index.php?rest_route=\/wp\/v2\/media\/19617"}],"wp:attachment":[{"href":"https:\/\/technews.al\/index.php?rest_route=%2Fwp%2Fv2%2Fmedia&parent=19616"}],"wp:term":[{"taxonomy":"category","embeddable":true,"href":"https:\/\/technews.al\/index.php?rest_route=%2Fwp%2Fv2%2Fcategories&post=19616"},{"taxonomy":"post_tag","embeddable":true,"href":"https:\/\/technews.al\/index.php?rest_route=%2Fwp%2Fv2%2Ftags&post=19616"}],"curies":[{"name":"wp","href":"https:\/\/api.w.org\/{rel}","templated":true}]}}