{"id":19878,"date":"2024-08-01T09:23:08","date_gmt":"2024-08-01T08:23:08","guid":{"rendered":"https:\/\/technews.al\/?p=19878"},"modified":"2024-08-01T09:23:09","modified_gmt":"2024-08-01T08:23:09","slug":"apple-pretendon-se-kete-pajisje-te-re-mund-ta-kontrollojme-me-ane-te-mendjes-video","status":"publish","type":"post","link":"https:\/\/technews.al\/?p=19878","title":{"rendered":"Apple pretendon se k\u00ebt\u00eb pajisje t\u00eb re mund ta kontrollojm\u00eb me an\u00eb t\u00eb mendjes (VIDEO)"},"content":{"rendered":"\n<p>Ky i fundit me baz\u00eb n\u00eb SHBA, nj\u00eb zhvillues i nd\u00ebrfaqes tru-kompjuter (BCI), ka njoftuar se ka lidhur me sukses trurin e nj\u00eb pacienti direkt me pajisjen e realitetit t\u00eb shtuar dhe virtual t\u00eb Appe, Vision Pro, p\u00ebr her\u00eb t\u00eb par\u00eb.<\/p>\n\n\n\n<p>Pacienti n\u00eb fjal\u00eb \u00ebsht\u00eb nj\u00eb burr\u00eb 64-vje\u00e7ar, i cili ka implantin e tyre neuroteknologjik. Gjegj\u00ebsisht, ai vuan nga skleroza laterale amiotrofike (ALS, s\u00ebmundja e Lou Gehrig) dhe p\u00ebr shkak t\u00eb saj duart i ka t\u00eb pal\u00ebvizshme. Fal\u00eb teknologjis\u00eb s\u00eb re, megjithat\u00eb, ai ishte n\u00eb gjendje t\u00eb kontrollonte kursorin brenda nd\u00ebrfaqes VisionOS me mendimet e tij.<br><br><br>Ky sukses tregon se nd\u00ebrfaqet kompjuterike, t\u00eb p\u00ebrshtatura p\u00ebr kontrollin e gjesteve, mund t\u00eb lidhen drejtp\u00ebrdrejt me trurin dhe t\u00eb jen\u00eb n\u00ebn kontrollin e drejtp\u00ebrdrejt\u00eb t\u00eb tij. N\u00eb k\u00ebt\u00eb rast, pacienti tregoi se n\u00eb k\u00ebt\u00eb m\u00ebnyr\u00eb ai mund, p\u00ebr shembull, t\u00eb luaj\u00eb diamant, t\u00eb shikoj\u00eb televizor ose t\u00eb d\u00ebrgoj\u00eb mesazhe, t\u00eb gjitha pa pasur nevoj\u00eb p\u00ebr gjeste me dor\u00eb.<br><br>Synchron thot\u00eb se ky \u00ebsht\u00eb rasti i par\u00eb i till\u00eb n\u00eb bot\u00eb, se nd\u00ebrfaqja e tyre \u00ebsht\u00eb mjaft e thjesht\u00eb p\u00ebr t\u2019u p\u00ebrshtatur nga pacient\u00ebt dhe se ka potencialin p\u00ebr t\u00eb rikthyer aft\u00ebsin\u00eb p\u00ebr t\u00eb p\u00ebrdorur teknologjin\u00eb moderne tek njer\u00ebzit e prekur nga l\u00ebndimet ose s\u00ebmundjet.<\/p>\n\n\n\n<figure class=\"wp-block-embed is-type-video is-provider-youtube wp-block-embed-youtube wp-embed-aspect-16-9 wp-has-aspect-ratio\"><div class=\"wp-block-embed__wrapper\">\n<iframe loading=\"lazy\" title=\"Apple Vision Pro Used With a Brain Computer Interface for the First Time\" width=\"788\" height=\"443\" src=\"https:\/\/www.youtube.com\/embed\/PMrw7kO4vIM?feature=oembed\" frameborder=\"0\" allow=\"accelerometer; autoplay; clipboard-write; encrypted-media; gyroscope; picture-in-picture; web-share\" referrerpolicy=\"strict-origin-when-cross-origin\" allowfullscreen><\/iframe>\n<\/div><\/figure>\n\n\n\n<p>\u201cVision Pro \u00ebsht\u00eb nj\u00eb sistem i fuqish\u00ebm, por ai mb\u00ebshtetet n\u00eb p\u00ebrdorimin e gjesteve t\u00eb duarve p\u00ebr t\u00eb kontrolluar nd\u00ebrfaqen e p\u00ebrdoruesit. Ne d\u00ebrgojm\u00eb sinjale kontrolli direkt nga truri p\u00ebr t\u00eb z\u00ebvend\u00ebsuar nevoj\u00ebn p\u00ebr gjeste me dor\u00eb\u201d, thot\u00eb themeluesi i kompanis\u00eb Tom Oxley dhe njofton hapat e m\u00ebposht\u00ebm.<\/p>\n\n\n\n<p>\u201cNe po zhvillojm\u00eb nj\u00eb standard t\u00eb ri Bluetooth p\u00ebr nd\u00ebrveprimet njeri-kompjuter q\u00eb nuk k\u00ebrkojn\u00eb prekje ose t\u00eb folur. Kjo \u00ebsht\u00eb nj\u00eb nevoj\u00eb kritike dhe e paplot\u00ebsuar p\u00ebr miliona njer\u00ebz me paraliz\u00eb\u201d, shtoi ai.<\/p>\n\n\n\n<h2 class=\"wp-block-heading\">Lexo edhe: <a href=\"https:\/\/technews.al\/?p=19845\">Transformimi Teknologjik: 7 Trendet q\u00eb do t\u00eb P\u00ebrcaktojn\u00eb Dekad\u00ebn e Ardhshme<\/a><\/h2>\n\n\n\n<p>\u00c7ipi i tyre (Stentrode Endovascular Electrode Array) implantohet n\u00eb nj\u00eb en\u00eb gjaku n\u00eb sip\u00ebrfaqen e korteksit neuromotor, p\u00ebrmes ven\u00ebs s\u00eb brendshme jugulare, duke p\u00ebrdorur nj\u00eb proces endovaskular minimalisht invaziv. Pasi implantohet, \u00e7ipi BCI zbulon \u201cq\u00ebllimet\u201d motorike t\u00eb trurit dhe i d\u00ebrgon ato sinjale me val\u00eb n\u00eb sistemin e tyre, i cili nga ana tjet\u00ebr mund t\u00eb kontrolloj\u00eb nj\u00eb kursor n\u00eb nj\u00eb pajisje elektronike. Synchron BCI \u00ebsht\u00eb ende n\u00eb faz\u00ebn eksperimentale t\u00eb teknologjis\u00eb, q\u00eb do t\u00eb thot\u00eb se kompania ka leje ta instaloj\u00eb at\u00eb vet\u00ebm p\u00ebr q\u00ebllime k\u00ebrkimore.<\/p>\n","protected":false},"excerpt":{"rendered":"<p>Ky i fundit me baz\u00eb n\u00eb SHBA, nj\u00eb zhvillues i nd\u00ebrfaqes tru-kompjuter (BCI), ka njoftuar se ka lidhur me sukses trurin e nj\u00eb pacienti direkt me pajisjen e realitetit t\u00eb shtuar dhe virtual t\u00eb Appe, Vision Pro, p\u00ebr her\u00eb t\u00eb par\u00eb. Pacienti n\u00eb fjal\u00eb \u00ebsht\u00eb nj\u00eb burr\u00eb 64-vje\u00e7ar, i cili ka implantin e tyre neuroteknologjik.<\/p>\n","protected":false},"author":4,"featured_media":19879,"comment_status":"open","ping_status":"open","sticky":false,"template":"","format":"standard","meta":{"footnotes":""},"categories":[349],"tags":[40],"class_list":{"0":"post-19878","1":"post","2":"type-post","3":"status-publish","4":"format-standard","5":"has-post-thumbnail","7":"category-artificial-intelligence","8":"tag-featured"},"yoast_head":"<!-- This site is optimized with the Yoast SEO plugin v22.4 - https:\/\/yoast.com\/wordpress\/plugins\/seo\/ -->\n<title>Apple pretendon se k\u00ebt\u00eb pajisje t\u00eb re mund ta kontrollojm\u00eb me an\u00eb t\u00eb mendjes (VIDEO) - Technews.al<\/title>\n<meta name=\"robots\" content=\"index, follow, max-snippet:-1, max-image-preview:large, max-video-preview:-1\" \/>\n<link rel=\"canonical\" href=\"https:\/\/technews.al\/?p=19878\" \/>\n<meta property=\"og:locale\" content=\"en_US\" \/>\n<meta property=\"og:type\" content=\"article\" \/>\n<meta property=\"og:title\" content=\"Apple pretendon se k\u00ebt\u00eb pajisje t\u00eb re mund ta kontrollojm\u00eb me an\u00eb t\u00eb mendjes (VIDEO) - Technews.al\" \/>\n<meta property=\"og:description\" content=\"Ky i fundit me baz\u00eb n\u00eb SHBA, nj\u00eb zhvillues i nd\u00ebrfaqes tru-kompjuter (BCI), ka njoftuar se ka lidhur me sukses trurin e nj\u00eb pacienti direkt me pajisjen e realitetit t\u00eb shtuar dhe virtual t\u00eb Appe, Vision Pro, p\u00ebr her\u00eb t\u00eb par\u00eb. Pacienti n\u00eb fjal\u00eb \u00ebsht\u00eb nj\u00eb burr\u00eb 64-vje\u00e7ar, i cili ka implantin e tyre neuroteknologjik.\" \/>\n<meta property=\"og:url\" content=\"https:\/\/technews.al\/?p=19878\" \/>\n<meta property=\"og:site_name\" content=\"Technews.al\" \/>\n<meta property=\"article:published_time\" content=\"2024-08-01T08:23:08+00:00\" \/>\n<meta property=\"article:modified_time\" content=\"2024-08-01T08:23:09+00:00\" \/>\n<meta property=\"og:image\" content=\"https:\/\/technews.al\/wp-content\/uploads\/2024\/08\/Mark-has-ALS-but-can-use-the-Vision-Pro-via-Synchrons-Stentrode.jpg.webp\" \/>\n\t<meta property=\"og:image:width\" content=\"1200\" \/>\n\t<meta property=\"og:image:height\" content=\"630\" \/>\n\t<meta property=\"og:image:type\" content=\"image\/webp\" \/>\n<meta name=\"author\" content=\"Tech Expert\" \/>\n<meta name=\"twitter:card\" content=\"summary_large_image\" \/>\n<meta name=\"twitter:label1\" content=\"Written by\" \/>\n\t<meta name=\"twitter:data1\" content=\"Tech Expert\" \/>\n\t<meta name=\"twitter:label2\" content=\"Est. reading time\" \/>\n\t<meta name=\"twitter:data2\" content=\"2 minutes\" \/>\n<script type=\"application\/ld+json\" class=\"yoast-schema-graph\">{\"@context\":\"https:\/\/schema.org\",\"@graph\":[{\"@type\":\"WebPage\",\"@id\":\"https:\/\/technews.al\/?p=19878\",\"url\":\"https:\/\/technews.al\/?p=19878\",\"name\":\"Apple pretendon se k\u00ebt\u00eb pajisje t\u00eb re mund ta kontrollojm\u00eb me an\u00eb t\u00eb mendjes (VIDEO) - Technews.al\",\"isPartOf\":{\"@id\":\"https:\/\/technews.al\/#website\"},\"primaryImageOfPage\":{\"@id\":\"https:\/\/technews.al\/?p=19878#primaryimage\"},\"image\":{\"@id\":\"https:\/\/technews.al\/?p=19878#primaryimage\"},\"thumbnailUrl\":\"https:\/\/technews.al\/wp-content\/uploads\/2024\/08\/Mark-has-ALS-but-can-use-the-Vision-Pro-via-Synchrons-Stentrode.jpg.webp\",\"datePublished\":\"2024-08-01T08:23:08+00:00\",\"dateModified\":\"2024-08-01T08:23:09+00:00\",\"author\":{\"@id\":\"https:\/\/technews.al\/#\/schema\/person\/0d9ed995a903005f5e36e2bb709a98aa\"},\"breadcrumb\":{\"@id\":\"https:\/\/technews.al\/?p=19878#breadcrumb\"},\"inLanguage\":\"en-US\",\"potentialAction\":[{\"@type\":\"ReadAction\",\"target\":[\"https:\/\/technews.al\/?p=19878\"]}]},{\"@type\":\"ImageObject\",\"inLanguage\":\"en-US\",\"@id\":\"https:\/\/technews.al\/?p=19878#primaryimage\",\"url\":\"https:\/\/technews.al\/wp-content\/uploads\/2024\/08\/Mark-has-ALS-but-can-use-the-Vision-Pro-via-Synchrons-Stentrode.jpg.webp\",\"contentUrl\":\"https:\/\/technews.al\/wp-content\/uploads\/2024\/08\/Mark-has-ALS-but-can-use-the-Vision-Pro-via-Synchrons-Stentrode.jpg.webp\",\"width\":1200,\"height\":630},{\"@type\":\"BreadcrumbList\",\"@id\":\"https:\/\/technews.al\/?p=19878#breadcrumb\",\"itemListElement\":[{\"@type\":\"ListItem\",\"position\":1,\"name\":\"Home\",\"item\":\"https:\/\/technews.al\/\"},{\"@type\":\"ListItem\",\"position\":2,\"name\":\"Apple pretendon se k\u00ebt\u00eb pajisje t\u00eb re mund ta kontrollojm\u00eb me an\u00eb t\u00eb mendjes (VIDEO)\"}]},{\"@type\":\"WebSite\",\"@id\":\"https:\/\/technews.al\/#website\",\"url\":\"https:\/\/technews.al\/\",\"name\":\"Technews.al\",\"description\":\"\",\"potentialAction\":[{\"@type\":\"SearchAction\",\"target\":{\"@type\":\"EntryPoint\",\"urlTemplate\":\"https:\/\/technews.al\/?s={search_term_string}\"},\"query-input\":\"required name=search_term_string\"}],\"inLanguage\":\"en-US\"},{\"@type\":\"Person\",\"@id\":\"https:\/\/technews.al\/#\/schema\/person\/0d9ed995a903005f5e36e2bb709a98aa\",\"name\":\"Tech Expert\",\"image\":{\"@type\":\"ImageObject\",\"inLanguage\":\"en-US\",\"@id\":\"https:\/\/technews.al\/#\/schema\/person\/image\/\",\"url\":\"https:\/\/technews.al\/wp-content\/uploads\/2023\/11\/Untitled-design-1-96x96.jpg\",\"contentUrl\":\"https:\/\/technews.al\/wp-content\/uploads\/2023\/11\/Untitled-design-1-96x96.jpg\",\"caption\":\"Tech Expert\"},\"url\":\"https:\/\/technews.al\/?author=4\"}]}<\/script>\n<!-- \/ Yoast SEO plugin. -->","yoast_head_json":{"title":"Apple pretendon se k\u00ebt\u00eb pajisje t\u00eb re mund ta kontrollojm\u00eb me an\u00eb t\u00eb mendjes (VIDEO) - Technews.al","robots":{"index":"index","follow":"follow","max-snippet":"max-snippet:-1","max-image-preview":"max-image-preview:large","max-video-preview":"max-video-preview:-1"},"canonical":"https:\/\/technews.al\/?p=19878","og_locale":"en_US","og_type":"article","og_title":"Apple pretendon se k\u00ebt\u00eb pajisje t\u00eb re mund ta kontrollojm\u00eb me an\u00eb t\u00eb mendjes (VIDEO) - Technews.al","og_description":"Ky i fundit me baz\u00eb n\u00eb SHBA, nj\u00eb zhvillues i nd\u00ebrfaqes tru-kompjuter (BCI), ka njoftuar se ka lidhur me sukses trurin e nj\u00eb pacienti direkt me pajisjen e realitetit t\u00eb shtuar dhe virtual t\u00eb Appe, Vision Pro, p\u00ebr her\u00eb t\u00eb par\u00eb. Pacienti n\u00eb fjal\u00eb \u00ebsht\u00eb nj\u00eb burr\u00eb 64-vje\u00e7ar, i cili ka implantin e tyre neuroteknologjik.","og_url":"https:\/\/technews.al\/?p=19878","og_site_name":"Technews.al","article_published_time":"2024-08-01T08:23:08+00:00","article_modified_time":"2024-08-01T08:23:09+00:00","og_image":[{"width":1200,"height":630,"url":"https:\/\/technews.al\/wp-content\/uploads\/2024\/08\/Mark-has-ALS-but-can-use-the-Vision-Pro-via-Synchrons-Stentrode.jpg.webp","type":"image\/webp"}],"author":"Tech Expert","twitter_card":"summary_large_image","twitter_misc":{"Written by":"Tech Expert","Est. reading time":"2 minutes"},"schema":{"@context":"https:\/\/schema.org","@graph":[{"@type":"WebPage","@id":"https:\/\/technews.al\/?p=19878","url":"https:\/\/technews.al\/?p=19878","name":"Apple pretendon se k\u00ebt\u00eb pajisje t\u00eb re mund ta kontrollojm\u00eb me an\u00eb t\u00eb mendjes (VIDEO) - Technews.al","isPartOf":{"@id":"https:\/\/technews.al\/#website"},"primaryImageOfPage":{"@id":"https:\/\/technews.al\/?p=19878#primaryimage"},"image":{"@id":"https:\/\/technews.al\/?p=19878#primaryimage"},"thumbnailUrl":"https:\/\/technews.al\/wp-content\/uploads\/2024\/08\/Mark-has-ALS-but-can-use-the-Vision-Pro-via-Synchrons-Stentrode.jpg.webp","datePublished":"2024-08-01T08:23:08+00:00","dateModified":"2024-08-01T08:23:09+00:00","author":{"@id":"https:\/\/technews.al\/#\/schema\/person\/0d9ed995a903005f5e36e2bb709a98aa"},"breadcrumb":{"@id":"https:\/\/technews.al\/?p=19878#breadcrumb"},"inLanguage":"en-US","potentialAction":[{"@type":"ReadAction","target":["https:\/\/technews.al\/?p=19878"]}]},{"@type":"ImageObject","inLanguage":"en-US","@id":"https:\/\/technews.al\/?p=19878#primaryimage","url":"https:\/\/technews.al\/wp-content\/uploads\/2024\/08\/Mark-has-ALS-but-can-use-the-Vision-Pro-via-Synchrons-Stentrode.jpg.webp","contentUrl":"https:\/\/technews.al\/wp-content\/uploads\/2024\/08\/Mark-has-ALS-but-can-use-the-Vision-Pro-via-Synchrons-Stentrode.jpg.webp","width":1200,"height":630},{"@type":"BreadcrumbList","@id":"https:\/\/technews.al\/?p=19878#breadcrumb","itemListElement":[{"@type":"ListItem","position":1,"name":"Home","item":"https:\/\/technews.al\/"},{"@type":"ListItem","position":2,"name":"Apple pretendon se k\u00ebt\u00eb pajisje t\u00eb re mund ta kontrollojm\u00eb me an\u00eb t\u00eb mendjes (VIDEO)"}]},{"@type":"WebSite","@id":"https:\/\/technews.al\/#website","url":"https:\/\/technews.al\/","name":"Technews.al","description":"","potentialAction":[{"@type":"SearchAction","target":{"@type":"EntryPoint","urlTemplate":"https:\/\/technews.al\/?s={search_term_string}"},"query-input":"required name=search_term_string"}],"inLanguage":"en-US"},{"@type":"Person","@id":"https:\/\/technews.al\/#\/schema\/person\/0d9ed995a903005f5e36e2bb709a98aa","name":"Tech Expert","image":{"@type":"ImageObject","inLanguage":"en-US","@id":"https:\/\/technews.al\/#\/schema\/person\/image\/","url":"https:\/\/technews.al\/wp-content\/uploads\/2023\/11\/Untitled-design-1-96x96.jpg","contentUrl":"https:\/\/technews.al\/wp-content\/uploads\/2023\/11\/Untitled-design-1-96x96.jpg","caption":"Tech Expert"},"url":"https:\/\/technews.al\/?author=4"}]}},"_links":{"self":[{"href":"https:\/\/technews.al\/index.php?rest_route=\/wp\/v2\/posts\/19878"}],"collection":[{"href":"https:\/\/technews.al\/index.php?rest_route=\/wp\/v2\/posts"}],"about":[{"href":"https:\/\/technews.al\/index.php?rest_route=\/wp\/v2\/types\/post"}],"author":[{"embeddable":true,"href":"https:\/\/technews.al\/index.php?rest_route=\/wp\/v2\/users\/4"}],"replies":[{"embeddable":true,"href":"https:\/\/technews.al\/index.php?rest_route=%2Fwp%2Fv2%2Fcomments&post=19878"}],"version-history":[{"count":1,"href":"https:\/\/technews.al\/index.php?rest_route=\/wp\/v2\/posts\/19878\/revisions"}],"predecessor-version":[{"id":19880,"href":"https:\/\/technews.al\/index.php?rest_route=\/wp\/v2\/posts\/19878\/revisions\/19880"}],"wp:featuredmedia":[{"embeddable":true,"href":"https:\/\/technews.al\/index.php?rest_route=\/wp\/v2\/media\/19879"}],"wp:attachment":[{"href":"https:\/\/technews.al\/index.php?rest_route=%2Fwp%2Fv2%2Fmedia&parent=19878"}],"wp:term":[{"taxonomy":"category","embeddable":true,"href":"https:\/\/technews.al\/index.php?rest_route=%2Fwp%2Fv2%2Fcategories&post=19878"},{"taxonomy":"post_tag","embeddable":true,"href":"https:\/\/technews.al\/index.php?rest_route=%2Fwp%2Fv2%2Ftags&post=19878"}],"curies":[{"name":"wp","href":"https:\/\/api.w.org\/{rel}","templated":true}]}}