{"id":20243,"date":"2024-08-27T09:38:48","date_gmt":"2024-08-27T08:38:48","guid":{"rendered":"https:\/\/technews.al\/?p=20243"},"modified":"2024-08-27T09:38:49","modified_gmt":"2024-08-27T08:38:49","slug":"mark-zuckenberg-biden-harris-presion-meta-s-per-postimet-lidhur-me-covid-19","status":"publish","type":"post","link":"https:\/\/technews.al\/?p=20243","title":{"rendered":"Mark Zuckenberg: Biden-Harris presion Meta-s p\u00ebr postimet lidhur me Covid-19"},"content":{"rendered":"\n<p>Drejtori i P\u00ebrgjithsh\u00ebm i Meta, Mark Zuckerberg, pranoi me nj\u00eb let\u00ebr se kompania e tij, Facebook, ishte n\u00ebn presion nga administrata Biden-Harris p\u00ebr t\u00eb censuruar amerikan\u00ebt, ve\u00e7an\u00ebrisht n\u00eb lidhje me p\u00ebrmbajtjen e COVID-19.<br><br>Zuckerberg e pranoi k\u00ebt\u00eb me nj\u00eb let\u00ebr drejtuar Kryetarit t\u00eb Komitetit Gjyq\u00ebsor t\u00eb Dhom\u00ebs s\u00eb P\u00ebrfaq\u00ebsuesve, Jim Jordan, m\u00eb shum\u00eb se nj\u00eb vit pasi i dha komisionit mij\u00ebra dokumente si pjes\u00eb e hetimit t\u00eb tij p\u00ebr moderimin e p\u00ebrmbajtjes n\u00eb platformat online.<\/p>\n\n\n\n<p>S\u00eb bashku me dokumentet, tha shefi ekzekutiv i Meta, kompania ka siguruar nj\u00eb duzin\u00eb punonj\u00ebsish q\u00eb t\u00eb jen\u00eb n\u00eb dispozicion p\u00ebr intervista t\u00eb transkriptuara, duke theksuar bashk\u00ebpunimin e Meta-s me hetimin.<\/p>\n\n\n\n<figure class=\"wp-block-image size-large\"><img loading=\"lazy\" decoding=\"async\" width=\"1024\" height=\"675\" src=\"https:\/\/technews.al\/wp-content\/uploads\/2024\/08\/GettyImages-2033886345-1024x675.webp\" alt=\"\" class=\"wp-image-20245\" srcset=\"https:\/\/technews.al\/wp-content\/uploads\/2024\/08\/GettyImages-2033886345-1024x675.webp 1024w, https:\/\/technews.al\/wp-content\/uploads\/2024\/08\/GettyImages-2033886345-300x198.webp 300w, https:\/\/technews.al\/wp-content\/uploads\/2024\/08\/GettyImages-2033886345-768x506.webp 768w, https:\/\/technews.al\/wp-content\/uploads\/2024\/08\/GettyImages-2033886345-150x99.webp 150w, https:\/\/technews.al\/wp-content\/uploads\/2024\/08\/GettyImages-2033886345-450x297.webp 450w, https:\/\/technews.al\/wp-content\/uploads\/2024\/08\/GettyImages-2033886345-1200x791.webp 1200w, https:\/\/technews.al\/wp-content\/uploads\/2024\/08\/GettyImages-2033886345.webp 1440w\" sizes=\"(max-width: 1024px) 100vw, 1024px\" \/><\/figure>\n\n\n\n<p>\u201cPo flitet shum\u00eb tani rreth m\u00ebnyr\u00ebs se si qeveria amerikane nd\u00ebrvepron me kompani si Meta dhe un\u00eb dua t\u00eb jem i qart\u00eb p\u00ebr pozicionin ton\u00eb\u201d, shkroi Zuckerberg.&nbsp;<ins><\/ins><\/p>\n\n\n\n<p>Ai shtoi se \u201cplatformat tona jan\u00eb p\u00ebr t\u00eb gjith\u00eb \u2013 ne jemi p\u00ebr t\u00eb promovuar fjal\u00ebn dhe p\u00ebr t\u00eb ndihmuar njer\u00ebzit t\u00eb lidhen n\u00eb nj\u00eb m\u00ebnyr\u00eb t\u00eb sigurt. Si pjes\u00eb e k\u00ebsaj, ne d\u00ebgjojm\u00eb rregullisht nga qeverit\u00eb n\u00eb mbar\u00eb bot\u00ebn dhe t\u00eb tjer\u00eb me shqet\u00ebsime t\u00eb ndryshme rreth diskursit publik dhe siguris\u00eb publike\u201d.<\/p>\n\n\n\n<p>Ai i tha Jordan-it se n\u00eb vitin 2021 \u201czyrtar\u00eb t\u00eb lart\u00eb\u201d nga administrata e Biden dhe Sht\u00ebpia e Bardh\u00eb \u201cu b\u00ebn\u00eb presion n\u00eb m\u00ebnyr\u00eb t\u00eb p\u00ebrs\u00ebritur ekipeve tona p\u00ebr muaj t\u00eb t\u00ebr\u00eb p\u00ebr t\u00eb censuruar disa p\u00ebrmbajtje t\u00eb COVID-19, duke p\u00ebrfshir\u00eb humorin dhe satir\u00ebn\u201d.<\/p>\n\n\n\n<p>Kur Facebook nuk u pajtua me censur\u00ebn, tha Zuckerberg, administrata e Biden shprehu shum\u00eb zhg\u00ebnjim.<\/p>\n\n\n\n<p>\u201cN\u00eb fund t\u00eb fundit, ishte vendimi yn\u00eb n\u00ebse do t\u00eb hiqnim ose jo p\u00ebrmbajtjen dhe ne marrim vendimet tona, duke p\u00ebrfshir\u00eb ndryshimet q\u00eb lidhen me COVID-19 q\u00eb b\u00ebm\u00eb n\u00eb zbatimin ton\u00eb n\u00eb vazhd\u00ebn e k\u00ebtij presioni,\u201d shkroi Zuckerberg.&nbsp;<\/p>\n\n\n\n<p>\u201cUn\u00eb besoj se presioni i qeveris\u00eb ishte i gabuar dhe m\u00eb vjen keq q\u00eb nuk ishim m\u00eb t\u00eb hapur p\u00ebr k\u00ebt\u00eb\u201d, shtoi ai.<\/p>\n\n\n\n<h2 class=\"wp-block-heading\">Lexo edhe: <a href=\"https:\/\/technews.al\/?p=19495\">Mark Zuckerberg paralajm\u00ebron se kompanit\u00eb e AI \u201cpo p\u00ebrpiqen t\u00eb krijojn\u00eb Zotin\u201d, por \u2026<\/a><\/h2>\n\n\n\n<p>N\u00eb vijim CEO i Meta-s shprehet \u201cgjithashtu mendoj se kemi b\u00ebr\u00eb disa zgjedhje q\u00eb, me p\u00ebrfitimin e informacionit t\u00eb ri, nuk do t\u2019i b\u00ebnim sot\u201d.&nbsp;<\/p>\n\n\n\n<p>\u201cSi\u00e7 u thash\u00eb ekipeve tona n\u00eb at\u00eb koh\u00eb, ne nuk duhet t\u00eb komprometojm\u00eb standardet tona t\u00eb p\u00ebrmbajtjes ndaj presionit nga \u00e7do administrat\u00eb n\u00eb t\u00eb dyja drejtimet\u201d, shtoi ai.<\/p>\n\n\n\n<p>Komiteti fillimisht thirri Mete-n p\u00ebr dokumente dhe informacione m\u00eb 15 shkurt 2023, n\u00eb lidhje me moderimin e p\u00ebrmbajtjes dhe angazhimet e kompanis\u00eb me pushtetin ekzekutiv p\u00ebr t\u00eb censuruar fjal\u00ebn.&nbsp;<\/p>\n\n\n\n<p>N\u00eb at\u00eb koh\u00eb, komiteti po hetonte n\u00ebse dhe n\u00eb \u00e7far\u00eb mase dega ekzekutive ushtronte presion ose punonte me kompanit\u00eb private p\u00ebr t\u00eb mbytur ose shtypur disa lloje fjalimesh me k\u00ebrkes\u00eb t\u00eb qeveris\u00eb, gj\u00eb q\u00eb mund t\u00eb ishte nj\u00eb shkelje e Amendamentit t\u00eb Par\u00eb.<a href=\"https:\/\/popup.taboola.com\/en\" target=\"_blank\" rel=\"noreferrer noopener\"><\/a><\/p>\n","protected":false},"excerpt":{"rendered":"<p>Drejtori i P\u00ebrgjithsh\u00ebm i Meta, Mark Zuckerberg, pranoi me nj\u00eb let\u00ebr se kompania e tij, Facebook, ishte n\u00ebn presion nga administrata Biden-Harris p\u00ebr t\u00eb censuruar amerikan\u00ebt, ve\u00e7an\u00ebrisht n\u00eb lidhje me p\u00ebrmbajtjen e COVID-19. Zuckerberg e pranoi k\u00ebt\u00eb me nj\u00eb let\u00ebr drejtuar Kryetarit t\u00eb Komitetit Gjyq\u00ebsor t\u00eb Dhom\u00ebs s\u00eb P\u00ebrfaq\u00ebsuesve, Jim Jordan, m\u00eb shum\u00eb se nj\u00eb<\/p>\n","protected":false},"author":4,"featured_media":20244,"comment_status":"open","ping_status":"open","sticky":false,"template":"","format":"standard","meta":{"footnotes":""},"categories":[38],"tags":[40],"class_list":{"0":"post-20243","1":"post","2":"type-post","3":"status-publish","4":"format-standard","5":"has-post-thumbnail","7":"category-tech","8":"tag-featured"},"yoast_head":"<!-- This site is optimized with the Yoast SEO plugin v22.4 - https:\/\/yoast.com\/wordpress\/plugins\/seo\/ -->\n<title>Mark Zuckenberg: Biden-Harris presion Meta-s p\u00ebr postimet lidhur me Covid-19 - Technews.al<\/title>\n<meta name=\"robots\" content=\"index, follow, max-snippet:-1, max-image-preview:large, max-video-preview:-1\" \/>\n<link rel=\"canonical\" href=\"https:\/\/technews.al\/?p=20243\" \/>\n<meta property=\"og:locale\" content=\"en_US\" \/>\n<meta property=\"og:type\" content=\"article\" \/>\n<meta property=\"og:title\" content=\"Mark Zuckenberg: Biden-Harris presion Meta-s p\u00ebr postimet lidhur me Covid-19 - Technews.al\" \/>\n<meta property=\"og:description\" content=\"Drejtori i P\u00ebrgjithsh\u00ebm i Meta, Mark Zuckerberg, pranoi me nj\u00eb let\u00ebr se kompania e tij, Facebook, ishte n\u00ebn presion nga administrata Biden-Harris p\u00ebr t\u00eb censuruar amerikan\u00ebt, ve\u00e7an\u00ebrisht n\u00eb lidhje me p\u00ebrmbajtjen e COVID-19. Zuckerberg e pranoi k\u00ebt\u00eb me nj\u00eb let\u00ebr drejtuar Kryetarit t\u00eb Komitetit Gjyq\u00ebsor t\u00eb Dhom\u00ebs s\u00eb P\u00ebrfaq\u00ebsuesve, Jim Jordan, m\u00eb shum\u00eb se nj\u00eb\" \/>\n<meta property=\"og:url\" content=\"https:\/\/technews.al\/?p=20243\" \/>\n<meta property=\"og:site_name\" content=\"Technews.al\" \/>\n<meta property=\"article:published_time\" content=\"2024-08-27T08:38:48+00:00\" \/>\n<meta property=\"article:modified_time\" content=\"2024-08-27T08:38:49+00:00\" \/>\n<meta property=\"og:image\" content=\"https:\/\/technews.al\/wp-content\/uploads\/2024\/08\/2000x1334.jpg\" \/>\n\t<meta property=\"og:image:width\" content=\"2000\" \/>\n\t<meta property=\"og:image:height\" content=\"1334\" \/>\n\t<meta property=\"og:image:type\" content=\"image\/jpeg\" \/>\n<meta name=\"author\" content=\"Tech Expert\" \/>\n<meta name=\"twitter:card\" content=\"summary_large_image\" \/>\n<meta name=\"twitter:label1\" content=\"Written by\" \/>\n\t<meta name=\"twitter:data1\" content=\"Tech Expert\" \/>\n\t<meta name=\"twitter:label2\" content=\"Est. reading time\" \/>\n\t<meta name=\"twitter:data2\" content=\"3 minutes\" \/>\n<script type=\"application\/ld+json\" class=\"yoast-schema-graph\">{\"@context\":\"https:\/\/schema.org\",\"@graph\":[{\"@type\":\"WebPage\",\"@id\":\"https:\/\/technews.al\/?p=20243\",\"url\":\"https:\/\/technews.al\/?p=20243\",\"name\":\"Mark Zuckenberg: Biden-Harris presion Meta-s p\u00ebr postimet lidhur me Covid-19 - Technews.al\",\"isPartOf\":{\"@id\":\"https:\/\/technews.al\/#website\"},\"primaryImageOfPage\":{\"@id\":\"https:\/\/technews.al\/?p=20243#primaryimage\"},\"image\":{\"@id\":\"https:\/\/technews.al\/?p=20243#primaryimage\"},\"thumbnailUrl\":\"https:\/\/technews.al\/wp-content\/uploads\/2024\/08\/2000x1334.jpg\",\"datePublished\":\"2024-08-27T08:38:48+00:00\",\"dateModified\":\"2024-08-27T08:38:49+00:00\",\"author\":{\"@id\":\"https:\/\/technews.al\/#\/schema\/person\/0d9ed995a903005f5e36e2bb709a98aa\"},\"breadcrumb\":{\"@id\":\"https:\/\/technews.al\/?p=20243#breadcrumb\"},\"inLanguage\":\"en-US\",\"potentialAction\":[{\"@type\":\"ReadAction\",\"target\":[\"https:\/\/technews.al\/?p=20243\"]}]},{\"@type\":\"ImageObject\",\"inLanguage\":\"en-US\",\"@id\":\"https:\/\/technews.al\/?p=20243#primaryimage\",\"url\":\"https:\/\/technews.al\/wp-content\/uploads\/2024\/08\/2000x1334.jpg\",\"contentUrl\":\"https:\/\/technews.al\/wp-content\/uploads\/2024\/08\/2000x1334.jpg\",\"width\":2000,\"height\":1334},{\"@type\":\"BreadcrumbList\",\"@id\":\"https:\/\/technews.al\/?p=20243#breadcrumb\",\"itemListElement\":[{\"@type\":\"ListItem\",\"position\":1,\"name\":\"Home\",\"item\":\"https:\/\/technews.al\/\"},{\"@type\":\"ListItem\",\"position\":2,\"name\":\"Mark Zuckenberg: Biden-Harris presion Meta-s p\u00ebr postimet lidhur me Covid-19\"}]},{\"@type\":\"WebSite\",\"@id\":\"https:\/\/technews.al\/#website\",\"url\":\"https:\/\/technews.al\/\",\"name\":\"Technews.al\",\"description\":\"\",\"potentialAction\":[{\"@type\":\"SearchAction\",\"target\":{\"@type\":\"EntryPoint\",\"urlTemplate\":\"https:\/\/technews.al\/?s={search_term_string}\"},\"query-input\":\"required name=search_term_string\"}],\"inLanguage\":\"en-US\"},{\"@type\":\"Person\",\"@id\":\"https:\/\/technews.al\/#\/schema\/person\/0d9ed995a903005f5e36e2bb709a98aa\",\"name\":\"Tech Expert\",\"image\":{\"@type\":\"ImageObject\",\"inLanguage\":\"en-US\",\"@id\":\"https:\/\/technews.al\/#\/schema\/person\/image\/\",\"url\":\"https:\/\/technews.al\/wp-content\/uploads\/2023\/11\/Untitled-design-1-96x96.jpg\",\"contentUrl\":\"https:\/\/technews.al\/wp-content\/uploads\/2023\/11\/Untitled-design-1-96x96.jpg\",\"caption\":\"Tech Expert\"},\"url\":\"https:\/\/technews.al\/?author=4\"}]}<\/script>\n<!-- \/ Yoast SEO plugin. -->","yoast_head_json":{"title":"Mark Zuckenberg: Biden-Harris presion Meta-s p\u00ebr postimet lidhur me Covid-19 - Technews.al","robots":{"index":"index","follow":"follow","max-snippet":"max-snippet:-1","max-image-preview":"max-image-preview:large","max-video-preview":"max-video-preview:-1"},"canonical":"https:\/\/technews.al\/?p=20243","og_locale":"en_US","og_type":"article","og_title":"Mark Zuckenberg: Biden-Harris presion Meta-s p\u00ebr postimet lidhur me Covid-19 - Technews.al","og_description":"Drejtori i P\u00ebrgjithsh\u00ebm i Meta, Mark Zuckerberg, pranoi me nj\u00eb let\u00ebr se kompania e tij, Facebook, ishte n\u00ebn presion nga administrata Biden-Harris p\u00ebr t\u00eb censuruar amerikan\u00ebt, ve\u00e7an\u00ebrisht n\u00eb lidhje me p\u00ebrmbajtjen e COVID-19. Zuckerberg e pranoi k\u00ebt\u00eb me nj\u00eb let\u00ebr drejtuar Kryetarit t\u00eb Komitetit Gjyq\u00ebsor t\u00eb Dhom\u00ebs s\u00eb P\u00ebrfaq\u00ebsuesve, Jim Jordan, m\u00eb shum\u00eb se nj\u00eb","og_url":"https:\/\/technews.al\/?p=20243","og_site_name":"Technews.al","article_published_time":"2024-08-27T08:38:48+00:00","article_modified_time":"2024-08-27T08:38:49+00:00","og_image":[{"width":2000,"height":1334,"url":"https:\/\/technews.al\/wp-content\/uploads\/2024\/08\/2000x1334.jpg","type":"image\/jpeg"}],"author":"Tech Expert","twitter_card":"summary_large_image","twitter_misc":{"Written by":"Tech Expert","Est. reading time":"3 minutes"},"schema":{"@context":"https:\/\/schema.org","@graph":[{"@type":"WebPage","@id":"https:\/\/technews.al\/?p=20243","url":"https:\/\/technews.al\/?p=20243","name":"Mark Zuckenberg: Biden-Harris presion Meta-s p\u00ebr postimet lidhur me Covid-19 - Technews.al","isPartOf":{"@id":"https:\/\/technews.al\/#website"},"primaryImageOfPage":{"@id":"https:\/\/technews.al\/?p=20243#primaryimage"},"image":{"@id":"https:\/\/technews.al\/?p=20243#primaryimage"},"thumbnailUrl":"https:\/\/technews.al\/wp-content\/uploads\/2024\/08\/2000x1334.jpg","datePublished":"2024-08-27T08:38:48+00:00","dateModified":"2024-08-27T08:38:49+00:00","author":{"@id":"https:\/\/technews.al\/#\/schema\/person\/0d9ed995a903005f5e36e2bb709a98aa"},"breadcrumb":{"@id":"https:\/\/technews.al\/?p=20243#breadcrumb"},"inLanguage":"en-US","potentialAction":[{"@type":"ReadAction","target":["https:\/\/technews.al\/?p=20243"]}]},{"@type":"ImageObject","inLanguage":"en-US","@id":"https:\/\/technews.al\/?p=20243#primaryimage","url":"https:\/\/technews.al\/wp-content\/uploads\/2024\/08\/2000x1334.jpg","contentUrl":"https:\/\/technews.al\/wp-content\/uploads\/2024\/08\/2000x1334.jpg","width":2000,"height":1334},{"@type":"BreadcrumbList","@id":"https:\/\/technews.al\/?p=20243#breadcrumb","itemListElement":[{"@type":"ListItem","position":1,"name":"Home","item":"https:\/\/technews.al\/"},{"@type":"ListItem","position":2,"name":"Mark Zuckenberg: Biden-Harris presion Meta-s p\u00ebr postimet lidhur me Covid-19"}]},{"@type":"WebSite","@id":"https:\/\/technews.al\/#website","url":"https:\/\/technews.al\/","name":"Technews.al","description":"","potentialAction":[{"@type":"SearchAction","target":{"@type":"EntryPoint","urlTemplate":"https:\/\/technews.al\/?s={search_term_string}"},"query-input":"required name=search_term_string"}],"inLanguage":"en-US"},{"@type":"Person","@id":"https:\/\/technews.al\/#\/schema\/person\/0d9ed995a903005f5e36e2bb709a98aa","name":"Tech Expert","image":{"@type":"ImageObject","inLanguage":"en-US","@id":"https:\/\/technews.al\/#\/schema\/person\/image\/","url":"https:\/\/technews.al\/wp-content\/uploads\/2023\/11\/Untitled-design-1-96x96.jpg","contentUrl":"https:\/\/technews.al\/wp-content\/uploads\/2023\/11\/Untitled-design-1-96x96.jpg","caption":"Tech Expert"},"url":"https:\/\/technews.al\/?author=4"}]}},"_links":{"self":[{"href":"https:\/\/technews.al\/index.php?rest_route=\/wp\/v2\/posts\/20243"}],"collection":[{"href":"https:\/\/technews.al\/index.php?rest_route=\/wp\/v2\/posts"}],"about":[{"href":"https:\/\/technews.al\/index.php?rest_route=\/wp\/v2\/types\/post"}],"author":[{"embeddable":true,"href":"https:\/\/technews.al\/index.php?rest_route=\/wp\/v2\/users\/4"}],"replies":[{"embeddable":true,"href":"https:\/\/technews.al\/index.php?rest_route=%2Fwp%2Fv2%2Fcomments&post=20243"}],"version-history":[{"count":1,"href":"https:\/\/technews.al\/index.php?rest_route=\/wp\/v2\/posts\/20243\/revisions"}],"predecessor-version":[{"id":20246,"href":"https:\/\/technews.al\/index.php?rest_route=\/wp\/v2\/posts\/20243\/revisions\/20246"}],"wp:featuredmedia":[{"embeddable":true,"href":"https:\/\/technews.al\/index.php?rest_route=\/wp\/v2\/media\/20244"}],"wp:attachment":[{"href":"https:\/\/technews.al\/index.php?rest_route=%2Fwp%2Fv2%2Fmedia&parent=20243"}],"wp:term":[{"taxonomy":"category","embeddable":true,"href":"https:\/\/technews.al\/index.php?rest_route=%2Fwp%2Fv2%2Fcategories&post=20243"},{"taxonomy":"post_tag","embeddable":true,"href":"https:\/\/technews.al\/index.php?rest_route=%2Fwp%2Fv2%2Ftags&post=20243"}],"curies":[{"name":"wp","href":"https:\/\/api.w.org\/{rel}","templated":true}]}}