{"id":20321,"date":"2024-09-06T08:47:38","date_gmt":"2024-09-06T07:47:38","guid":{"rendered":"https:\/\/technews.al\/?p=20321"},"modified":"2024-09-06T08:47:39","modified_gmt":"2024-09-06T07:47:39","slug":"volkswagen-mund-te-mbylle-fabrikat-ne-gjermani-per-here-te-pare-16-000-punetore-ne-proteste","status":"publish","type":"post","link":"https:\/\/technews.al\/?p=20321","title":{"rendered":"Volkswagen mund t\u00eb mbyll\u00eb fabrikat n\u00eb Gjermani p\u00ebr her\u00eb t\u00eb par\u00eb, 16 000 pun\u00ebtor\u00eb n\u00eb protest\u00eb"},"content":{"rendered":"\n<p>Volkswagen po vler\u00ebson n\u00ebse do t\u00eb mbyll\u00eb fabrikat n\u00eb Gjermani p\u00ebr her\u00eb t\u00eb par\u00eb n\u00eb historin\u00eb e tij 87-vje\u00e7are.<br><br>K\u00ebt\u00eb vendim, kjo kompani thuhet se po e shqyrton nd\u00ebrsa po p\u00ebrpiqet t\u00eb thelloj\u00eb uljet e kostove mes konkurrenc\u00ebs n\u00eb rritje nga prodhuesit e automjeteve elektrike t\u00eb Kin\u00ebs, shkruan CNN.<br><br>N\u00eb nj\u00eb deklarat\u00eb t\u00eb h\u00ebn\u00ebn, prodhuesi gjerman i automjeteve, nj\u00eb nga kompanit\u00eb m\u00eb t\u00eb m\u00ebdha t\u00eb makinave n\u00eb bot\u00eb, tha se nuk mund t\u00eb p\u00ebrjashtonte mbylljen e fabrik\u00ebs n\u00eb vendin e saj.<\/p>\n\n\n\n<p>Masa t\u00eb tjera p\u00ebr \u201cprov\u00ebn e s\u00eb ardhmes\u201d t\u00eb kompanis\u00eb p\u00ebrfshijn\u00eb p\u00ebrpjekjen p\u00ebr t\u00eb p\u00ebrfunduar nj\u00eb marr\u00ebveshje p\u00ebr mbrojtjen e pun\u00ebsimit me sindikatat, e cila ka qen\u00eb n\u00eb fuqi q\u00eb nga viti 1994.<\/p>\n\n\n\n<p>\u201cIndustria evropiane e automobilave \u00ebsht\u00eb n\u00eb nj\u00eb situat\u00eb shum\u00eb serioze\u201d, citohet t\u00eb ket\u00eb th\u00ebn\u00eb CEO i Volkswagen Group, Oliver Blume.<\/p>\n\n\n\n<p>\u201cMjedisi ekonomik u b\u00eb edhe m\u00eb i ashp\u00ebr dhe konkurrent\u00eb t\u00eb rinj po hyjn\u00eb n\u00eb tregun evropian. Gjermania n\u00eb ve\u00e7anti si nj\u00eb vend prodhimi po mbetet m\u00eb mbrapa p\u00ebr sa i p\u00ebrket konkurrenc\u00ebs\u201d.<\/p>\n\n\n\n<p>Volkswagen, i cili filloi nj\u00eb p\u00ebrpjekje p\u00ebr uljen e kostove prej 10 miliard\u00eb euro (11.1 miliard\u00eb dollar\u00eb) n\u00eb fund t\u00eb vitit t\u00eb kaluar, po humbet pjes\u00ebn e tregut n\u00eb Kin\u00eb, tregun e saj t\u00eb vet\u00ebm m\u00eb t\u00eb madh.<\/p>\n\n\n\n<p>N\u00eb gjysm\u00ebn e par\u00eb t\u00eb vitit, d\u00ebrgesat p\u00ebr klient\u00ebt n\u00eb at\u00eb vend ran\u00eb 7% n\u00eb t\u00eb nj\u00ebjt\u00ebn periudh\u00eb t\u00eb vitit 2023. Fitimi operativ i grupit ra 11.4% n\u00eb 10.1 miliard\u00eb euro (11.2 miliard\u00eb dollar\u00eb).<\/p>\n\n\n\n<p>Performanca e dob\u00ebt n\u00eb Kin\u00eb vjen pasi kompania humbet ndaj markave lokale t\u00eb EV, ve\u00e7an\u00ebrisht BYD, t\u00eb cilat gjithashtu p\u00ebrb\u00ebjn\u00eb nj\u00eb k\u00ebrc\u00ebnim n\u00eb rritje p\u00ebr biznesin e saj n\u00eb Evrop\u00eb.<\/p>\n\n\n\n<figure class=\"wp-block-image size-full\"><img loading=\"lazy\" decoding=\"async\" width=\"1024\" height=\"575\" src=\"https:\/\/technews.al\/wp-content\/uploads\/2024\/09\/54376BO2EKJXL6GFFXQRDAI44U.jpg.avif\" alt=\"\" class=\"wp-image-20323\" srcset=\"https:\/\/technews.al\/wp-content\/uploads\/2024\/09\/54376BO2EKJXL6GFFXQRDAI44U.jpg.avif 1024w, https:\/\/technews.al\/wp-content\/uploads\/2024\/09\/54376BO2EKJXL6GFFXQRDAI44U.jpg-300x168.avif 300w, https:\/\/technews.al\/wp-content\/uploads\/2024\/09\/54376BO2EKJXL6GFFXQRDAI44U.jpg-768x431.avif 768w, https:\/\/technews.al\/wp-content\/uploads\/2024\/09\/54376BO2EKJXL6GFFXQRDAI44U.jpg-150x84.avif 150w, https:\/\/technews.al\/wp-content\/uploads\/2024\/09\/54376BO2EKJXL6GFFXQRDAI44U.jpg-450x253.avif 450w\" sizes=\"(max-width: 1024px) 100vw, 1024px\" \/><\/figure>\n\n\n\n<p><strong>Protestat<\/strong><\/p>\n\n\n\n<p>Pak dit\u00eb pas lajmit t\u00eb bujsh\u00ebm q\u00eb Volkswagen po vler\u00ebsonte t\u00eb mbyllte fabrikat n\u00eb Gjermani p\u00ebr her\u00eb t\u00eb par\u00eb n\u00eb historin\u00eb e tij 87-vje\u00e7are.<br>Mediat e huaja sot kan\u00eb raportuar se Stafi i Volkswagen zhvilloi nj\u00eb protest\u00eb para nisjes s\u00eb takimit t\u00eb punimeve.<\/p>\n\n\n\n<p>Rreth 16,000 pun\u00ebtor\u00eb u mb\u00ebrthyen n\u00eb sall\u00ebn e mbushur plot, raporton Reuters, me 5,000 t\u00eb tjer\u00eb jasht\u00eb duke par\u00eb n\u00eb nj\u00eb ekran.<\/p>\n\n\n\n<p>K\u00ebt\u00eb vendim, kjo kompani thuhet se po e shqyrton nd\u00ebrsa po p\u00ebrpiqet t\u00eb thelloj\u00eb uljet e kostove mes konkurrenc\u00ebs n\u00eb rritje nga prodhuesit e automjeteve elektrike t\u00eb Kin\u00ebs, shkruan CNN.<\/p>\n","protected":false},"excerpt":{"rendered":"<p>Volkswagen po vler\u00ebson n\u00ebse do t\u00eb mbyll\u00eb fabrikat n\u00eb Gjermani p\u00ebr her\u00eb t\u00eb par\u00eb n\u00eb historin\u00eb e tij 87-vje\u00e7are. K\u00ebt\u00eb vendim, kjo kompani thuhet se po e shqyrton nd\u00ebrsa po p\u00ebrpiqet t\u00eb thelloj\u00eb uljet e kostove mes konkurrenc\u00ebs n\u00eb rritje nga prodhuesit e automjeteve elektrike t\u00eb Kin\u00ebs, shkruan CNN. N\u00eb nj\u00eb deklarat\u00eb t\u00eb h\u00ebn\u00ebn, prodhuesi<\/p>\n","protected":false},"author":4,"featured_media":20322,"comment_status":"open","ping_status":"open","sticky":false,"template":"","format":"standard","meta":{"footnotes":""},"categories":[38],"tags":[40],"class_list":{"0":"post-20321","1":"post","2":"type-post","3":"status-publish","4":"format-standard","5":"has-post-thumbnail","7":"category-tech","8":"tag-featured"},"yoast_head":"<!-- This site is optimized with the Yoast SEO plugin v22.4 - https:\/\/yoast.com\/wordpress\/plugins\/seo\/ -->\n<title>Volkswagen mund t\u00eb mbyll\u00eb fabrikat n\u00eb Gjermani p\u00ebr her\u00eb t\u00eb par\u00eb, 16 000 pun\u00ebtor\u00eb n\u00eb protest\u00eb - Technews.al<\/title>\n<meta name=\"robots\" content=\"index, follow, max-snippet:-1, max-image-preview:large, max-video-preview:-1\" \/>\n<link rel=\"canonical\" href=\"https:\/\/technews.al\/?p=20321\" \/>\n<meta property=\"og:locale\" content=\"en_US\" \/>\n<meta property=\"og:type\" content=\"article\" \/>\n<meta property=\"og:title\" content=\"Volkswagen mund t\u00eb mbyll\u00eb fabrikat n\u00eb Gjermani p\u00ebr her\u00eb t\u00eb par\u00eb, 16 000 pun\u00ebtor\u00eb n\u00eb protest\u00eb - Technews.al\" \/>\n<meta property=\"og:description\" content=\"Volkswagen po vler\u00ebson n\u00ebse do t\u00eb mbyll\u00eb fabrikat n\u00eb Gjermani p\u00ebr her\u00eb t\u00eb par\u00eb n\u00eb historin\u00eb e tij 87-vje\u00e7are. K\u00ebt\u00eb vendim, kjo kompani thuhet se po e shqyrton nd\u00ebrsa po p\u00ebrpiqet t\u00eb thelloj\u00eb uljet e kostove mes konkurrenc\u00ebs n\u00eb rritje nga prodhuesit e automjeteve elektrike t\u00eb Kin\u00ebs, shkruan CNN. N\u00eb nj\u00eb deklarat\u00eb t\u00eb h\u00ebn\u00ebn, prodhuesi\" \/>\n<meta property=\"og:url\" content=\"https:\/\/technews.al\/?p=20321\" \/>\n<meta property=\"og:site_name\" content=\"Technews.al\" \/>\n<meta property=\"article:published_time\" content=\"2024-09-06T07:47:38+00:00\" \/>\n<meta property=\"article:modified_time\" content=\"2024-09-06T07:47:39+00:00\" \/>\n<meta property=\"og:image\" content=\"https:\/\/technews.al\/wp-content\/uploads\/2024\/09\/1200x675_cmsv2_3b80e6fa-f5f9-5218-9997-93d4ba5fca98-8702958.jpg.webp\" \/>\n\t<meta property=\"og:image:width\" content=\"1200\" \/>\n\t<meta property=\"og:image:height\" content=\"675\" \/>\n\t<meta property=\"og:image:type\" content=\"image\/webp\" \/>\n<meta name=\"author\" content=\"Tech Expert\" \/>\n<meta name=\"twitter:card\" content=\"summary_large_image\" \/>\n<meta name=\"twitter:label1\" content=\"Written by\" \/>\n\t<meta name=\"twitter:data1\" content=\"Tech Expert\" \/>\n\t<meta name=\"twitter:label2\" content=\"Est. reading time\" \/>\n\t<meta name=\"twitter:data2\" content=\"3 minutes\" \/>\n<script type=\"application\/ld+json\" class=\"yoast-schema-graph\">{\"@context\":\"https:\/\/schema.org\",\"@graph\":[{\"@type\":\"WebPage\",\"@id\":\"https:\/\/technews.al\/?p=20321\",\"url\":\"https:\/\/technews.al\/?p=20321\",\"name\":\"Volkswagen mund t\u00eb mbyll\u00eb fabrikat n\u00eb Gjermani p\u00ebr her\u00eb t\u00eb par\u00eb, 16 000 pun\u00ebtor\u00eb n\u00eb protest\u00eb - Technews.al\",\"isPartOf\":{\"@id\":\"https:\/\/technews.al\/#website\"},\"primaryImageOfPage\":{\"@id\":\"https:\/\/technews.al\/?p=20321#primaryimage\"},\"image\":{\"@id\":\"https:\/\/technews.al\/?p=20321#primaryimage\"},\"thumbnailUrl\":\"https:\/\/technews.al\/wp-content\/uploads\/2024\/09\/1200x675_cmsv2_3b80e6fa-f5f9-5218-9997-93d4ba5fca98-8702958.jpg.webp\",\"datePublished\":\"2024-09-06T07:47:38+00:00\",\"dateModified\":\"2024-09-06T07:47:39+00:00\",\"author\":{\"@id\":\"https:\/\/technews.al\/#\/schema\/person\/0d9ed995a903005f5e36e2bb709a98aa\"},\"breadcrumb\":{\"@id\":\"https:\/\/technews.al\/?p=20321#breadcrumb\"},\"inLanguage\":\"en-US\",\"potentialAction\":[{\"@type\":\"ReadAction\",\"target\":[\"https:\/\/technews.al\/?p=20321\"]}]},{\"@type\":\"ImageObject\",\"inLanguage\":\"en-US\",\"@id\":\"https:\/\/technews.al\/?p=20321#primaryimage\",\"url\":\"https:\/\/technews.al\/wp-content\/uploads\/2024\/09\/1200x675_cmsv2_3b80e6fa-f5f9-5218-9997-93d4ba5fca98-8702958.jpg.webp\",\"contentUrl\":\"https:\/\/technews.al\/wp-content\/uploads\/2024\/09\/1200x675_cmsv2_3b80e6fa-f5f9-5218-9997-93d4ba5fca98-8702958.jpg.webp\",\"width\":1200,\"height\":675},{\"@type\":\"BreadcrumbList\",\"@id\":\"https:\/\/technews.al\/?p=20321#breadcrumb\",\"itemListElement\":[{\"@type\":\"ListItem\",\"position\":1,\"name\":\"Home\",\"item\":\"https:\/\/technews.al\/\"},{\"@type\":\"ListItem\",\"position\":2,\"name\":\"Volkswagen mund t\u00eb mbyll\u00eb fabrikat n\u00eb Gjermani p\u00ebr her\u00eb t\u00eb par\u00eb, 16 000 pun\u00ebtor\u00eb n\u00eb protest\u00eb\"}]},{\"@type\":\"WebSite\",\"@id\":\"https:\/\/technews.al\/#website\",\"url\":\"https:\/\/technews.al\/\",\"name\":\"Technews.al\",\"description\":\"\",\"potentialAction\":[{\"@type\":\"SearchAction\",\"target\":{\"@type\":\"EntryPoint\",\"urlTemplate\":\"https:\/\/technews.al\/?s={search_term_string}\"},\"query-input\":\"required name=search_term_string\"}],\"inLanguage\":\"en-US\"},{\"@type\":\"Person\",\"@id\":\"https:\/\/technews.al\/#\/schema\/person\/0d9ed995a903005f5e36e2bb709a98aa\",\"name\":\"Tech Expert\",\"image\":{\"@type\":\"ImageObject\",\"inLanguage\":\"en-US\",\"@id\":\"https:\/\/technews.al\/#\/schema\/person\/image\/\",\"url\":\"https:\/\/technews.al\/wp-content\/uploads\/2023\/11\/Untitled-design-1-96x96.jpg\",\"contentUrl\":\"https:\/\/technews.al\/wp-content\/uploads\/2023\/11\/Untitled-design-1-96x96.jpg\",\"caption\":\"Tech Expert\"},\"url\":\"https:\/\/technews.al\/?author=4\"}]}<\/script>\n<!-- \/ Yoast SEO plugin. -->","yoast_head_json":{"title":"Volkswagen mund t\u00eb mbyll\u00eb fabrikat n\u00eb Gjermani p\u00ebr her\u00eb t\u00eb par\u00eb, 16 000 pun\u00ebtor\u00eb n\u00eb protest\u00eb - Technews.al","robots":{"index":"index","follow":"follow","max-snippet":"max-snippet:-1","max-image-preview":"max-image-preview:large","max-video-preview":"max-video-preview:-1"},"canonical":"https:\/\/technews.al\/?p=20321","og_locale":"en_US","og_type":"article","og_title":"Volkswagen mund t\u00eb mbyll\u00eb fabrikat n\u00eb Gjermani p\u00ebr her\u00eb t\u00eb par\u00eb, 16 000 pun\u00ebtor\u00eb n\u00eb protest\u00eb - Technews.al","og_description":"Volkswagen po vler\u00ebson n\u00ebse do t\u00eb mbyll\u00eb fabrikat n\u00eb Gjermani p\u00ebr her\u00eb t\u00eb par\u00eb n\u00eb historin\u00eb e tij 87-vje\u00e7are. K\u00ebt\u00eb vendim, kjo kompani thuhet se po e shqyrton nd\u00ebrsa po p\u00ebrpiqet t\u00eb thelloj\u00eb uljet e kostove mes konkurrenc\u00ebs n\u00eb rritje nga prodhuesit e automjeteve elektrike t\u00eb Kin\u00ebs, shkruan CNN. N\u00eb nj\u00eb deklarat\u00eb t\u00eb h\u00ebn\u00ebn, prodhuesi","og_url":"https:\/\/technews.al\/?p=20321","og_site_name":"Technews.al","article_published_time":"2024-09-06T07:47:38+00:00","article_modified_time":"2024-09-06T07:47:39+00:00","og_image":[{"width":1200,"height":675,"url":"https:\/\/technews.al\/wp-content\/uploads\/2024\/09\/1200x675_cmsv2_3b80e6fa-f5f9-5218-9997-93d4ba5fca98-8702958.jpg.webp","type":"image\/webp"}],"author":"Tech Expert","twitter_card":"summary_large_image","twitter_misc":{"Written by":"Tech Expert","Est. reading time":"3 minutes"},"schema":{"@context":"https:\/\/schema.org","@graph":[{"@type":"WebPage","@id":"https:\/\/technews.al\/?p=20321","url":"https:\/\/technews.al\/?p=20321","name":"Volkswagen mund t\u00eb mbyll\u00eb fabrikat n\u00eb Gjermani p\u00ebr her\u00eb t\u00eb par\u00eb, 16 000 pun\u00ebtor\u00eb n\u00eb protest\u00eb - Technews.al","isPartOf":{"@id":"https:\/\/technews.al\/#website"},"primaryImageOfPage":{"@id":"https:\/\/technews.al\/?p=20321#primaryimage"},"image":{"@id":"https:\/\/technews.al\/?p=20321#primaryimage"},"thumbnailUrl":"https:\/\/technews.al\/wp-content\/uploads\/2024\/09\/1200x675_cmsv2_3b80e6fa-f5f9-5218-9997-93d4ba5fca98-8702958.jpg.webp","datePublished":"2024-09-06T07:47:38+00:00","dateModified":"2024-09-06T07:47:39+00:00","author":{"@id":"https:\/\/technews.al\/#\/schema\/person\/0d9ed995a903005f5e36e2bb709a98aa"},"breadcrumb":{"@id":"https:\/\/technews.al\/?p=20321#breadcrumb"},"inLanguage":"en-US","potentialAction":[{"@type":"ReadAction","target":["https:\/\/technews.al\/?p=20321"]}]},{"@type":"ImageObject","inLanguage":"en-US","@id":"https:\/\/technews.al\/?p=20321#primaryimage","url":"https:\/\/technews.al\/wp-content\/uploads\/2024\/09\/1200x675_cmsv2_3b80e6fa-f5f9-5218-9997-93d4ba5fca98-8702958.jpg.webp","contentUrl":"https:\/\/technews.al\/wp-content\/uploads\/2024\/09\/1200x675_cmsv2_3b80e6fa-f5f9-5218-9997-93d4ba5fca98-8702958.jpg.webp","width":1200,"height":675},{"@type":"BreadcrumbList","@id":"https:\/\/technews.al\/?p=20321#breadcrumb","itemListElement":[{"@type":"ListItem","position":1,"name":"Home","item":"https:\/\/technews.al\/"},{"@type":"ListItem","position":2,"name":"Volkswagen mund t\u00eb mbyll\u00eb fabrikat n\u00eb Gjermani p\u00ebr her\u00eb t\u00eb par\u00eb, 16 000 pun\u00ebtor\u00eb n\u00eb protest\u00eb"}]},{"@type":"WebSite","@id":"https:\/\/technews.al\/#website","url":"https:\/\/technews.al\/","name":"Technews.al","description":"","potentialAction":[{"@type":"SearchAction","target":{"@type":"EntryPoint","urlTemplate":"https:\/\/technews.al\/?s={search_term_string}"},"query-input":"required name=search_term_string"}],"inLanguage":"en-US"},{"@type":"Person","@id":"https:\/\/technews.al\/#\/schema\/person\/0d9ed995a903005f5e36e2bb709a98aa","name":"Tech Expert","image":{"@type":"ImageObject","inLanguage":"en-US","@id":"https:\/\/technews.al\/#\/schema\/person\/image\/","url":"https:\/\/technews.al\/wp-content\/uploads\/2023\/11\/Untitled-design-1-96x96.jpg","contentUrl":"https:\/\/technews.al\/wp-content\/uploads\/2023\/11\/Untitled-design-1-96x96.jpg","caption":"Tech Expert"},"url":"https:\/\/technews.al\/?author=4"}]}},"_links":{"self":[{"href":"https:\/\/technews.al\/index.php?rest_route=\/wp\/v2\/posts\/20321"}],"collection":[{"href":"https:\/\/technews.al\/index.php?rest_route=\/wp\/v2\/posts"}],"about":[{"href":"https:\/\/technews.al\/index.php?rest_route=\/wp\/v2\/types\/post"}],"author":[{"embeddable":true,"href":"https:\/\/technews.al\/index.php?rest_route=\/wp\/v2\/users\/4"}],"replies":[{"embeddable":true,"href":"https:\/\/technews.al\/index.php?rest_route=%2Fwp%2Fv2%2Fcomments&post=20321"}],"version-history":[{"count":1,"href":"https:\/\/technews.al\/index.php?rest_route=\/wp\/v2\/posts\/20321\/revisions"}],"predecessor-version":[{"id":20324,"href":"https:\/\/technews.al\/index.php?rest_route=\/wp\/v2\/posts\/20321\/revisions\/20324"}],"wp:featuredmedia":[{"embeddable":true,"href":"https:\/\/technews.al\/index.php?rest_route=\/wp\/v2\/media\/20322"}],"wp:attachment":[{"href":"https:\/\/technews.al\/index.php?rest_route=%2Fwp%2Fv2%2Fmedia&parent=20321"}],"wp:term":[{"taxonomy":"category","embeddable":true,"href":"https:\/\/technews.al\/index.php?rest_route=%2Fwp%2Fv2%2Fcategories&post=20321"},{"taxonomy":"post_tag","embeddable":true,"href":"https:\/\/technews.al\/index.php?rest_route=%2Fwp%2Fv2%2Ftags&post=20321"}],"curies":[{"name":"wp","href":"https:\/\/api.w.org\/{rel}","templated":true}]}}