{"id":23148,"date":"2025-04-18T09:02:31","date_gmt":"2025-04-18T08:02:31","guid":{"rendered":"https:\/\/technews.al\/?p=23148"},"modified":"2025-04-18T09:02:32","modified_gmt":"2025-04-18T08:02:32","slug":"zuckerberg-ne-gjykate-une-i-bera-whatsapp-dhe-instagram-me-te-mire","status":"publish","type":"post","link":"https:\/\/technews.al\/?p=23148","title":{"rendered":"Zuckerberg n\u00eb gjykat\u00eb: Un\u00eb i b\u00ebra WhatsApp dhe Instagram m\u00eb t\u00eb mir\u00eb"},"content":{"rendered":"\n<p>Shefi ekzekutiv i Meta, Mark Zuckerberg b\u00ebri nj\u00eb deklarat\u00eb ky\u00e7e n\u00eb nj\u00eb gjyq antitrust n\u00eb SHBA t\u00eb mart\u00ebn, duke th\u00ebn\u00eb se ai bleu Instagramin sepse kishte nj\u00eb kamera &#8220;m\u00eb t\u00eb mir\u00eb&#8221; se ajo q\u00eb kompania e tij po p\u00ebrpiqej t\u00eb nd\u00ebrtonte p\u00ebr aplikacionin kryesor Facebook n\u00eb at\u00eb koh\u00eb.<\/p>\n\n\n\n<p>Fakti dukej se forconte pretendimet e zbatuesve t\u00eb antitrustit t\u00eb SHBA-s\u00eb se Meta kishte p\u00ebrdorur nj\u00eb strategji &#8220;blej ose varros&#8221; p\u00ebr t\u00eb kapur rival\u00ebt e mundsh\u00ebm, p\u00ebr t\u00eb mbajtur konkurrent\u00ebt m\u00eb t\u00eb vegj\u00ebl n\u00eb gji dhe p\u00ebr t\u00eb mbajtur nj\u00eb monopol t\u00eb paligjsh\u00ebm.<\/p>\n\n\n\n<p>Ajo erdhi gjat\u00eb dit\u00ebs s\u00eb dyt\u00eb t\u00eb Zuckerberg duke d\u00ebshmuar n\u00eb gjyqin me aksione t\u00eb larta n\u00eb Uashington, n\u00eb t\u00eb cilin Komisioni Federal i Tregtis\u00eb i SHBA-s\u00eb po k\u00ebrkon t\u00eb zbus\u00eb blerjet e Met\u00ebs t\u00eb aseteve t\u00eb \u00e7muara Instagram dhe WhatsApp.<\/p>\n\n\n\n<p>\u00c7\u00ebshtja, e paraqitur gjat\u00eb mandatit t\u00eb par\u00eb t\u00eb Presidentit Donald Trump, shihet gjer\u00ebsisht si nj\u00eb prov\u00eb e premtimeve t\u00eb administrat\u00ebs s\u00eb re t\u00eb Trump p\u00ebr t\u00eb p\u00ebrballur kompanit\u00eb e Big Tech.<br>I pyetur nga nj\u00eb avokat i FTC n\u00ebse ai mendonte se Instagrami me rritje t\u00eb shpejt\u00eb mund t\u00eb ishte shkat\u00ebrrues p\u00ebr Met\u00ebn, i njohur n\u00eb at\u00eb koh\u00eb si Facebook, Zuckerberg tha se besonte se Instagram kishte nj\u00eb produkt m\u00eb t\u00eb mir\u00eb t\u00eb kamer\u00ebs sesa po nd\u00ebrtonte Facebook.<\/p>\n\n\n\n<figure class=\"wp-block-image size-full\"><img loading=\"lazy\" decoding=\"async\" width=\"700\" height=\"394\" src=\"https:\/\/technews.al\/wp-content\/uploads\/2025\/04\/http___com.ft_.imagepublish.upp-prod-eu.s3.amazonaws.jpg\" alt=\"\" class=\"wp-image-23150\" srcset=\"https:\/\/technews.al\/wp-content\/uploads\/2025\/04\/http___com.ft_.imagepublish.upp-prod-eu.s3.amazonaws.jpg 700w, https:\/\/technews.al\/wp-content\/uploads\/2025\/04\/http___com.ft_.imagepublish.upp-prod-eu.s3.amazonaws-300x169.jpg 300w, https:\/\/technews.al\/wp-content\/uploads\/2025\/04\/http___com.ft_.imagepublish.upp-prod-eu.s3.amazonaws-150x84.jpg 150w, https:\/\/technews.al\/wp-content\/uploads\/2025\/04\/http___com.ft_.imagepublish.upp-prod-eu.s3.amazonaws-450x253.jpg 450w\" sizes=\"(max-width: 700px) 100vw, 700px\" \/><\/figure>\n\n\n\n<p>&#8220;Ne po b\u00ebnim nj\u00eb analiz\u00eb nd\u00ebrtimi kund\u00ebr blerjes&#8221; nd\u00ebrsa n\u00eb procesin e nd\u00ebrtimit t\u00eb nj\u00eb aplikacioni kamere, tha Zuckerberg. &#8220;Mendova se Instagrami ishte m\u00eb i mir\u00eb n\u00eb k\u00ebt\u00eb, k\u00ebshtu q\u00eb mendova se ishte m\u00eb mir\u00eb t&#8217;i bleja.&#8221;<\/p>\n\n\n\n<p>Zuckerberg gjithashtu pranoi se shum\u00eb nga p\u00ebrpjekjet e kompanis\u00eb p\u00ebr t\u00eb nd\u00ebrtuar aplikacionet e veta kishin d\u00ebshtuar.<\/p>\n\n\n\n<p>&#8220;Nd\u00ebrtimi i nj\u00eb aplikacioni t\u00eb ri \u00ebsht\u00eb i v\u00ebshtir\u00eb&#8221;<br>&#8220;Nd\u00ebrtimi i nj\u00eb aplikacioni t\u00eb ri \u00ebsht\u00eb i v\u00ebshtir\u00eb dhe shum\u00eb her\u00eb m\u00eb shum\u00eb se jo kur jemi p\u00ebrpjekur t\u00eb nd\u00ebrtojm\u00eb nj\u00eb aplikacion t\u00eb ri, ai nuk ka marr\u00eb shum\u00eb t\u00ebrheqje,&#8221; tha Zuckerberg n\u00eb gjykat\u00eb.<\/p>\n\n\n\n<p>&#8220;Ne ndoshta kemi provuar t\u00eb nd\u00ebrtojm\u00eb dhjet\u00ebra aplikacione gjat\u00eb historis\u00eb s\u00eb kompanis\u00eb dhe shumica e tyre nuk shkojn\u00eb askund,&#8221; tha ai.<\/p>\n\n\n\n<h2 class=\"wp-block-heading\">Lexo edhe: <a href=\"https:\/\/technews.al\/?p=21902\">Mark Zuckerberg zotohet t\u00eb \u201crivendos\u00eb shprehjen e lir\u00eb\u201d n\u00eb Facebook, Instagram dhe platforma t\u00eb tjera t\u00eb mediave sociale<\/a><\/h2>\n\n\n\n<p>D\u00ebshmia e Zuckerberg vjen nd\u00ebrsa Meta po mbrohet vite pas publikimit t\u00eb deklaratave mallkimore t\u00eb nxjerra nga vet\u00eb dokumentet e Facebook, si nj\u00eb email i vitit 2008 n\u00eb t\u00eb cilin ai tha &#8220;\u00ebsht\u00eb m\u00eb mir\u00eb t\u00eb blesh sesa t\u00eb konkurrosh&#8221;.<\/p>\n\n\n\n<p>Kompania argumenton se q\u00ebllimet e tij t\u00eb kaluara jan\u00eb t\u00eb par\u00ebnd\u00ebsishme sepse FTC e ka p\u00ebrcaktuar tregun e mediave sociale n\u00eb m\u00ebnyr\u00eb t\u00eb pasakt\u00eb dhe nuk ka marr\u00eb parasysh konkurrenc\u00ebn e ashp\u00ebr me t\u00eb cil\u00ebn \u00ebsht\u00eb p\u00ebrballur Meta nga TikTok i ByteDance, YouTube i Alphabet dhe aplikacioni i mesazheve t\u00eb Apple.<\/p>\n\n\n\n<p>FTC akuzon Met\u00ebn se ka nj\u00eb monopol mbi platformat e p\u00ebrdorura p\u00ebr t\u00eb ndar\u00eb p\u00ebrmbajtjen me miqt\u00eb dhe familjen, ku konkurrent\u00ebt e saj kryesor\u00eb n\u00eb Shtetet e Bashkuara jan\u00eb Snapchat dhe MeWe i Snap, nj\u00eb aplikacion i vog\u00ebl i mediave sociale i fokusuar n\u00eb privat\u00ebsi, i lan\u00e7uar n\u00eb vitin 2016.<\/p>\n\n\n\n<p>Platformat ku p\u00ebrdoruesit transmetojn\u00eb p\u00ebrmbajtje tek t\u00eb huajt bazuar n\u00eb interesa t\u00eb p\u00ebrbashk\u00ebta, si X, TikTok, YouTube dhe Reddit, nuk jan\u00eb t\u00eb k\u00ebmbyeshme, argumenton FTC.<\/p>\n","protected":false},"excerpt":{"rendered":"<p>Shefi ekzekutiv i Meta, Mark Zuckerberg b\u00ebri nj\u00eb deklarat\u00eb ky\u00e7e n\u00eb nj\u00eb gjyq antitrust n\u00eb SHBA t\u00eb mart\u00ebn, duke th\u00ebn\u00eb se ai bleu Instagramin sepse kishte nj\u00eb kamera &#8220;m\u00eb t\u00eb mir\u00eb&#8221; se ajo q\u00eb kompania e tij po p\u00ebrpiqej t\u00eb nd\u00ebrtonte p\u00ebr aplikacionin kryesor Facebook n\u00eb at\u00eb koh\u00eb. Fakti dukej se forconte pretendimet e zbatuesve<\/p>\n","protected":false},"author":4,"featured_media":23149,"comment_status":"open","ping_status":"open","sticky":false,"template":"","format":"standard","meta":{"footnotes":""},"categories":[38],"tags":[40],"class_list":{"0":"post-23148","1":"post","2":"type-post","3":"status-publish","4":"format-standard","5":"has-post-thumbnail","7":"category-tech","8":"tag-featured"},"yoast_head":"<!-- This site is optimized with the Yoast SEO plugin v22.4 - https:\/\/yoast.com\/wordpress\/plugins\/seo\/ -->\n<title>Zuckerberg n\u00eb gjykat\u00eb: Un\u00eb i b\u00ebra WhatsApp dhe Instagram m\u00eb t\u00eb mir\u00eb - Technews.al<\/title>\n<meta name=\"robots\" content=\"index, follow, max-snippet:-1, max-image-preview:large, max-video-preview:-1\" \/>\n<link rel=\"canonical\" href=\"https:\/\/technews.al\/?p=23148\" \/>\n<meta property=\"og:locale\" content=\"en_US\" \/>\n<meta property=\"og:type\" content=\"article\" \/>\n<meta property=\"og:title\" content=\"Zuckerberg n\u00eb gjykat\u00eb: Un\u00eb i b\u00ebra WhatsApp dhe Instagram m\u00eb t\u00eb mir\u00eb - Technews.al\" \/>\n<meta property=\"og:description\" content=\"Shefi ekzekutiv i Meta, Mark Zuckerberg b\u00ebri nj\u00eb deklarat\u00eb ky\u00e7e n\u00eb nj\u00eb gjyq antitrust n\u00eb SHBA t\u00eb mart\u00ebn, duke th\u00ebn\u00eb se ai bleu Instagramin sepse kishte nj\u00eb kamera &#8220;m\u00eb t\u00eb mir\u00eb&#8221; se ajo q\u00eb kompania e tij po p\u00ebrpiqej t\u00eb nd\u00ebrtonte p\u00ebr aplikacionin kryesor Facebook n\u00eb at\u00eb koh\u00eb. Fakti dukej se forconte pretendimet e zbatuesve\" \/>\n<meta property=\"og:url\" content=\"https:\/\/technews.al\/?p=23148\" \/>\n<meta property=\"og:site_name\" content=\"Technews.al\" \/>\n<meta property=\"article:published_time\" content=\"2025-04-18T08:02:31+00:00\" \/>\n<meta property=\"article:modified_time\" content=\"2025-04-18T08:02:32+00:00\" \/>\n<meta property=\"og:image\" content=\"https:\/\/technews.al\/wp-content\/uploads\/2025\/04\/STKS507_FTCxMETA_ANTITRUST_CVIRGINIA_2_E.jpg.webp\" \/>\n\t<meta property=\"og:image:width\" content=\"2040\" \/>\n\t<meta property=\"og:image:height\" content=\"1061\" \/>\n\t<meta property=\"og:image:type\" content=\"image\/webp\" \/>\n<meta name=\"author\" content=\"Tech Expert\" \/>\n<meta name=\"twitter:card\" content=\"summary_large_image\" \/>\n<meta name=\"twitter:label1\" content=\"Written by\" \/>\n\t<meta name=\"twitter:data1\" content=\"Tech Expert\" \/>\n\t<meta name=\"twitter:label2\" content=\"Est. reading time\" \/>\n\t<meta name=\"twitter:data2\" content=\"1 minute\" \/>\n<script type=\"application\/ld+json\" class=\"yoast-schema-graph\">{\"@context\":\"https:\/\/schema.org\",\"@graph\":[{\"@type\":\"WebPage\",\"@id\":\"https:\/\/technews.al\/?p=23148\",\"url\":\"https:\/\/technews.al\/?p=23148\",\"name\":\"Zuckerberg n\u00eb gjykat\u00eb: Un\u00eb i b\u00ebra WhatsApp dhe Instagram m\u00eb t\u00eb mir\u00eb - Technews.al\",\"isPartOf\":{\"@id\":\"https:\/\/technews.al\/#website\"},\"primaryImageOfPage\":{\"@id\":\"https:\/\/technews.al\/?p=23148#primaryimage\"},\"image\":{\"@id\":\"https:\/\/technews.al\/?p=23148#primaryimage\"},\"thumbnailUrl\":\"https:\/\/technews.al\/wp-content\/uploads\/2025\/04\/STKS507_FTCxMETA_ANTITRUST_CVIRGINIA_2_E.jpg.webp\",\"datePublished\":\"2025-04-18T08:02:31+00:00\",\"dateModified\":\"2025-04-18T08:02:32+00:00\",\"author\":{\"@id\":\"https:\/\/technews.al\/#\/schema\/person\/0d9ed995a903005f5e36e2bb709a98aa\"},\"breadcrumb\":{\"@id\":\"https:\/\/technews.al\/?p=23148#breadcrumb\"},\"inLanguage\":\"en-US\",\"potentialAction\":[{\"@type\":\"ReadAction\",\"target\":[\"https:\/\/technews.al\/?p=23148\"]}]},{\"@type\":\"ImageObject\",\"inLanguage\":\"en-US\",\"@id\":\"https:\/\/technews.al\/?p=23148#primaryimage\",\"url\":\"https:\/\/technews.al\/wp-content\/uploads\/2025\/04\/STKS507_FTCxMETA_ANTITRUST_CVIRGINIA_2_E.jpg.webp\",\"contentUrl\":\"https:\/\/technews.al\/wp-content\/uploads\/2025\/04\/STKS507_FTCxMETA_ANTITRUST_CVIRGINIA_2_E.jpg.webp\",\"width\":2040,\"height\":1061},{\"@type\":\"BreadcrumbList\",\"@id\":\"https:\/\/technews.al\/?p=23148#breadcrumb\",\"itemListElement\":[{\"@type\":\"ListItem\",\"position\":1,\"name\":\"Home\",\"item\":\"https:\/\/technews.al\/\"},{\"@type\":\"ListItem\",\"position\":2,\"name\":\"Zuckerberg n\u00eb gjykat\u00eb: Un\u00eb i b\u00ebra WhatsApp dhe Instagram m\u00eb t\u00eb mir\u00eb\"}]},{\"@type\":\"WebSite\",\"@id\":\"https:\/\/technews.al\/#website\",\"url\":\"https:\/\/technews.al\/\",\"name\":\"Technews.al\",\"description\":\"\",\"potentialAction\":[{\"@type\":\"SearchAction\",\"target\":{\"@type\":\"EntryPoint\",\"urlTemplate\":\"https:\/\/technews.al\/?s={search_term_string}\"},\"query-input\":\"required name=search_term_string\"}],\"inLanguage\":\"en-US\"},{\"@type\":\"Person\",\"@id\":\"https:\/\/technews.al\/#\/schema\/person\/0d9ed995a903005f5e36e2bb709a98aa\",\"name\":\"Tech Expert\",\"image\":{\"@type\":\"ImageObject\",\"inLanguage\":\"en-US\",\"@id\":\"https:\/\/technews.al\/#\/schema\/person\/image\/\",\"url\":\"https:\/\/technews.al\/wp-content\/uploads\/2023\/11\/Untitled-design-1-96x96.jpg\",\"contentUrl\":\"https:\/\/technews.al\/wp-content\/uploads\/2023\/11\/Untitled-design-1-96x96.jpg\",\"caption\":\"Tech Expert\"},\"url\":\"https:\/\/technews.al\/?author=4\"}]}<\/script>\n<!-- \/ Yoast SEO plugin. -->","yoast_head_json":{"title":"Zuckerberg n\u00eb gjykat\u00eb: Un\u00eb i b\u00ebra WhatsApp dhe Instagram m\u00eb t\u00eb mir\u00eb - Technews.al","robots":{"index":"index","follow":"follow","max-snippet":"max-snippet:-1","max-image-preview":"max-image-preview:large","max-video-preview":"max-video-preview:-1"},"canonical":"https:\/\/technews.al\/?p=23148","og_locale":"en_US","og_type":"article","og_title":"Zuckerberg n\u00eb gjykat\u00eb: Un\u00eb i b\u00ebra WhatsApp dhe Instagram m\u00eb t\u00eb mir\u00eb - Technews.al","og_description":"Shefi ekzekutiv i Meta, Mark Zuckerberg b\u00ebri nj\u00eb deklarat\u00eb ky\u00e7e n\u00eb nj\u00eb gjyq antitrust n\u00eb SHBA t\u00eb mart\u00ebn, duke th\u00ebn\u00eb se ai bleu Instagramin sepse kishte nj\u00eb kamera &#8220;m\u00eb t\u00eb mir\u00eb&#8221; se ajo q\u00eb kompania e tij po p\u00ebrpiqej t\u00eb nd\u00ebrtonte p\u00ebr aplikacionin kryesor Facebook n\u00eb at\u00eb koh\u00eb. Fakti dukej se forconte pretendimet e zbatuesve","og_url":"https:\/\/technews.al\/?p=23148","og_site_name":"Technews.al","article_published_time":"2025-04-18T08:02:31+00:00","article_modified_time":"2025-04-18T08:02:32+00:00","og_image":[{"width":2040,"height":1061,"url":"https:\/\/technews.al\/wp-content\/uploads\/2025\/04\/STKS507_FTCxMETA_ANTITRUST_CVIRGINIA_2_E.jpg.webp","type":"image\/webp"}],"author":"Tech Expert","twitter_card":"summary_large_image","twitter_misc":{"Written by":"Tech Expert","Est. reading time":"1 minute"},"schema":{"@context":"https:\/\/schema.org","@graph":[{"@type":"WebPage","@id":"https:\/\/technews.al\/?p=23148","url":"https:\/\/technews.al\/?p=23148","name":"Zuckerberg n\u00eb gjykat\u00eb: Un\u00eb i b\u00ebra WhatsApp dhe Instagram m\u00eb t\u00eb mir\u00eb - Technews.al","isPartOf":{"@id":"https:\/\/technews.al\/#website"},"primaryImageOfPage":{"@id":"https:\/\/technews.al\/?p=23148#primaryimage"},"image":{"@id":"https:\/\/technews.al\/?p=23148#primaryimage"},"thumbnailUrl":"https:\/\/technews.al\/wp-content\/uploads\/2025\/04\/STKS507_FTCxMETA_ANTITRUST_CVIRGINIA_2_E.jpg.webp","datePublished":"2025-04-18T08:02:31+00:00","dateModified":"2025-04-18T08:02:32+00:00","author":{"@id":"https:\/\/technews.al\/#\/schema\/person\/0d9ed995a903005f5e36e2bb709a98aa"},"breadcrumb":{"@id":"https:\/\/technews.al\/?p=23148#breadcrumb"},"inLanguage":"en-US","potentialAction":[{"@type":"ReadAction","target":["https:\/\/technews.al\/?p=23148"]}]},{"@type":"ImageObject","inLanguage":"en-US","@id":"https:\/\/technews.al\/?p=23148#primaryimage","url":"https:\/\/technews.al\/wp-content\/uploads\/2025\/04\/STKS507_FTCxMETA_ANTITRUST_CVIRGINIA_2_E.jpg.webp","contentUrl":"https:\/\/technews.al\/wp-content\/uploads\/2025\/04\/STKS507_FTCxMETA_ANTITRUST_CVIRGINIA_2_E.jpg.webp","width":2040,"height":1061},{"@type":"BreadcrumbList","@id":"https:\/\/technews.al\/?p=23148#breadcrumb","itemListElement":[{"@type":"ListItem","position":1,"name":"Home","item":"https:\/\/technews.al\/"},{"@type":"ListItem","position":2,"name":"Zuckerberg n\u00eb gjykat\u00eb: Un\u00eb i b\u00ebra WhatsApp dhe Instagram m\u00eb t\u00eb mir\u00eb"}]},{"@type":"WebSite","@id":"https:\/\/technews.al\/#website","url":"https:\/\/technews.al\/","name":"Technews.al","description":"","potentialAction":[{"@type":"SearchAction","target":{"@type":"EntryPoint","urlTemplate":"https:\/\/technews.al\/?s={search_term_string}"},"query-input":"required name=search_term_string"}],"inLanguage":"en-US"},{"@type":"Person","@id":"https:\/\/technews.al\/#\/schema\/person\/0d9ed995a903005f5e36e2bb709a98aa","name":"Tech Expert","image":{"@type":"ImageObject","inLanguage":"en-US","@id":"https:\/\/technews.al\/#\/schema\/person\/image\/","url":"https:\/\/technews.al\/wp-content\/uploads\/2023\/11\/Untitled-design-1-96x96.jpg","contentUrl":"https:\/\/technews.al\/wp-content\/uploads\/2023\/11\/Untitled-design-1-96x96.jpg","caption":"Tech Expert"},"url":"https:\/\/technews.al\/?author=4"}]}},"_links":{"self":[{"href":"https:\/\/technews.al\/index.php?rest_route=\/wp\/v2\/posts\/23148"}],"collection":[{"href":"https:\/\/technews.al\/index.php?rest_route=\/wp\/v2\/posts"}],"about":[{"href":"https:\/\/technews.al\/index.php?rest_route=\/wp\/v2\/types\/post"}],"author":[{"embeddable":true,"href":"https:\/\/technews.al\/index.php?rest_route=\/wp\/v2\/users\/4"}],"replies":[{"embeddable":true,"href":"https:\/\/technews.al\/index.php?rest_route=%2Fwp%2Fv2%2Fcomments&post=23148"}],"version-history":[{"count":1,"href":"https:\/\/technews.al\/index.php?rest_route=\/wp\/v2\/posts\/23148\/revisions"}],"predecessor-version":[{"id":23151,"href":"https:\/\/technews.al\/index.php?rest_route=\/wp\/v2\/posts\/23148\/revisions\/23151"}],"wp:featuredmedia":[{"embeddable":true,"href":"https:\/\/technews.al\/index.php?rest_route=\/wp\/v2\/media\/23149"}],"wp:attachment":[{"href":"https:\/\/technews.al\/index.php?rest_route=%2Fwp%2Fv2%2Fmedia&parent=23148"}],"wp:term":[{"taxonomy":"category","embeddable":true,"href":"https:\/\/technews.al\/index.php?rest_route=%2Fwp%2Fv2%2Fcategories&post=23148"},{"taxonomy":"post_tag","embeddable":true,"href":"https:\/\/technews.al\/index.php?rest_route=%2Fwp%2Fv2%2Ftags&post=23148"}],"curies":[{"name":"wp","href":"https:\/\/api.w.org\/{rel}","templated":true}]}}