{"id":26768,"date":"2026-05-01T08:20:22","date_gmt":"2026-05-01T07:20:22","guid":{"rendered":"https:\/\/technews.al\/?p=26768"},"modified":"2026-05-01T08:20:23","modified_gmt":"2026-05-01T07:20:23","slug":"dita-nderkombetare-e-punetoreve-si-lindi-dhe-historiku-i-1-majit","status":"publish","type":"post","link":"https:\/\/technews.al\/?p=26768","title":{"rendered":"Dita Nd\u00ebrkomb\u00ebtare e Pun\u00ebtor\u00ebve, si lindi dhe historiku i 1 Majit"},"content":{"rendered":"\n<p>1 Maji njihet si Dita Nd\u00ebrkomb\u00ebtare e Pun\u00ebtor\u00ebve. Ky manifestim lindi nga lufta e pun\u00ebtor\u00ebve p\u00ebr t\u00eb k\u00ebrkuar dhe siguruar t\u00eb drejtat, lirit\u00eb dhe kushtet e pun\u00ebs e t\u00eb jetes\u00ebs.<\/p>\n\n\n\n<p>Kjo dit\u00eb, ju referohet protestave t\u00eb pun\u00ebtor\u00ebve, p\u00ebr orar t\u00eb pun\u00ebs 8 or\u00eb, p\u00ebr paga mesatare t\u00eb garantuara, p\u00ebr pajisje mbrojt\u00ebse n\u00eb vendin e pun\u00ebs.<\/p>\n\n\n\n<p>K\u00ebrkesa e par\u00eb publike \u00ebsht\u00eb paraqitur n\u00eb Australi gjat\u00eb vitit 1885 me k\u00ebt\u00eb p\u00ebrmbajtje: \u201d8 or\u00eb pun\u00eb, 8 or\u00eb d\u00ebfrim e 8 or\u00eb gjum\u00eb\u201d. Kremtimi i 1 Majit lidhet ngusht\u00eb me protestat e p\u00ebrgjithshme e t\u00eb p\u00ebrgjakshme t\u00eb dhjet\u00ebra mij\u00ebra pun\u00ebtor\u00ebve t\u00eb fabrikave t\u00eb \u00c7ikagos n\u00eb Amerik\u00eb, m\u00eb 1 maj 1886.<\/p>\n\n\n\n<p>Manifestimi masiv dhe madh\u00ebshtor u b\u00eb nj\u00eb vit m\u00eb von\u00eb, n\u00eb t\u00eb nj\u00ebjtin qytet m\u00eb 1 maj 1887.<\/p>\n\n\n\n<p>K\u00ebshtu filloi rrug\u00ebtimi i k\u00ebsaj dite e date t\u00eb r\u00ebnd\u00ebsishme, i p\u00ebrqafuar nga miliona pun\u00ebtor\u00eb, i organizuar p\u00ebrmes L\u00ebvizjes sindikaliste dhe partive, q\u00eb n\u00eb fokus e kan\u00eb pozit\u00ebn socio-ekonomike t\u00eb pun\u00ebtor\u00ebve.<\/p>\n\n\n\n<h2 class=\"wp-block-heading\">Lexo edhe: <a href=\"https:\/\/technews.al\/?p=26760\">Quhet Mona dhe menaxhon nj\u00eb kafene n\u00eb Stokholm, por nuk \u00ebsht\u00eb njeri. Ja eksperimenti<\/a><\/h2>\n\n\n\n<p>Sindikata bot\u00ebrore e caktoi 1 Majin dit\u00eb n\u00eb t\u00eb cil\u00ebn t\u00eb gjith\u00eb pun\u00ebtor\u00ebt ushtrojn\u00eb presion p\u00ebr sigurimin dhe avancimin e t\u00eb drejtave t\u00eb tyre.<\/p>\n\n\n\n<p>N\u00eb Evrop\u00eb, 1 Maji filloi manifestimin me Internacionalen e par\u00eb t\u00eb Gjenev\u00ebs.<\/p>\n\n\n\n<p>Nga viti 1890 n\u00eb Paris, Kongresi themelues i Internacionales s\u00eb dyt\u00eb, vendosi q\u00eb pik\u00ebrisht 1 Maji t\u00eb mbetet Dita Nd\u00ebrkomb\u00ebtare e Pun\u00ebtor\u00ebve.<\/p>\n\n\n\n<p>Nga viti 1891, Kongresi i tret\u00eb i Internacionales n\u00eb Bruksel, mori vendim, q\u00eb: dita e 1 Majit do t\u00eb kremtohet p\u00ebrgjithmon\u00eb dhe n\u00eb t\u00eb gjitha vendet, si Festa e Pun\u00ebtor\u00ebve, n\u00eb t\u00eb cil\u00ebn pun\u00ebtor\u00ebt do t\u2019i identifikojn\u00eb, avancojn\u00eb dhe mbrojn\u00eb me Kushtetut\u00eb e ligje; lirit\u00eb, t\u00eb drejtat, kushtet e pun\u00ebs, rrog\u00ebn mesatare t\u00eb garantuar, pushimin ditor, javor, vjetor dhe pushimet tjera sipas nevoj\u00ebs.<\/p>\n\n\n\n<p><\/p>\n","protected":false},"excerpt":{"rendered":"<p>1 Maji njihet si Dita Nd\u00ebrkomb\u00ebtare e Pun\u00ebtor\u00ebve. Ky manifestim lindi nga lufta e pun\u00ebtor\u00ebve p\u00ebr t\u00eb k\u00ebrkuar dhe siguruar t\u00eb drejtat, lirit\u00eb dhe kushtet e pun\u00ebs e t\u00eb jetes\u00ebs. Kjo dit\u00eb, ju referohet protestave t\u00eb pun\u00ebtor\u00ebve, p\u00ebr orar t\u00eb pun\u00ebs 8 or\u00eb, p\u00ebr paga mesatare t\u00eb garantuara, p\u00ebr pajisje mbrojt\u00ebse n\u00eb vendin e pun\u00ebs.<\/p>\n","protected":false},"author":4,"featured_media":26769,"comment_status":"open","ping_status":"open","sticky":false,"template":"","format":"standard","meta":{"footnotes":""},"categories":[38],"tags":[40],"class_list":{"0":"post-26768","1":"post","2":"type-post","3":"status-publish","4":"format-standard","5":"has-post-thumbnail","7":"category-tech","8":"tag-featured"},"yoast_head":"<!-- This site is optimized with the Yoast SEO plugin v22.4 - https:\/\/yoast.com\/wordpress\/plugins\/seo\/ -->\n<title>Dita Nd\u00ebrkomb\u00ebtare e Pun\u00ebtor\u00ebve, si lindi dhe historiku i 1 Majit - Technews.al<\/title>\n<meta name=\"robots\" content=\"index, follow, max-snippet:-1, max-image-preview:large, max-video-preview:-1\" \/>\n<link rel=\"canonical\" href=\"https:\/\/technews.al\/?p=26768\" \/>\n<meta property=\"og:locale\" content=\"en_US\" \/>\n<meta property=\"og:type\" content=\"article\" \/>\n<meta property=\"og:title\" content=\"Dita Nd\u00ebrkomb\u00ebtare e Pun\u00ebtor\u00ebve, si lindi dhe historiku i 1 Majit - Technews.al\" \/>\n<meta property=\"og:description\" content=\"1 Maji njihet si Dita Nd\u00ebrkomb\u00ebtare e Pun\u00ebtor\u00ebve. Ky manifestim lindi nga lufta e pun\u00ebtor\u00ebve p\u00ebr t\u00eb k\u00ebrkuar dhe siguruar t\u00eb drejtat, lirit\u00eb dhe kushtet e pun\u00ebs e t\u00eb jetes\u00ebs. Kjo dit\u00eb, ju referohet protestave t\u00eb pun\u00ebtor\u00ebve, p\u00ebr orar t\u00eb pun\u00ebs 8 or\u00eb, p\u00ebr paga mesatare t\u00eb garantuara, p\u00ebr pajisje mbrojt\u00ebse n\u00eb vendin e pun\u00ebs.\" \/>\n<meta property=\"og:url\" content=\"https:\/\/technews.al\/?p=26768\" \/>\n<meta property=\"og:site_name\" content=\"Technews.al\" \/>\n<meta property=\"article:published_time\" content=\"2026-05-01T07:20:22+00:00\" \/>\n<meta property=\"article:modified_time\" content=\"2026-05-01T07:20:23+00:00\" \/>\n<meta property=\"og:image\" content=\"https:\/\/technews.al\/wp-content\/uploads\/2026\/05\/may-day.jpeg\" \/>\n\t<meta property=\"og:image:width\" content=\"1200\" \/>\n\t<meta property=\"og:image:height\" content=\"952\" \/>\n\t<meta property=\"og:image:type\" content=\"image\/jpeg\" \/>\n<meta name=\"author\" content=\"Tech Expert\" \/>\n<meta name=\"twitter:card\" content=\"summary_large_image\" \/>\n<meta name=\"twitter:label1\" content=\"Written by\" \/>\n\t<meta name=\"twitter:data1\" content=\"Tech Expert\" \/>\n\t<meta name=\"twitter:label2\" content=\"Est. reading time\" \/>\n\t<meta name=\"twitter:data2\" content=\"2 minutes\" \/>\n<script type=\"application\/ld+json\" class=\"yoast-schema-graph\">{\"@context\":\"https:\/\/schema.org\",\"@graph\":[{\"@type\":\"WebPage\",\"@id\":\"https:\/\/technews.al\/?p=26768\",\"url\":\"https:\/\/technews.al\/?p=26768\",\"name\":\"Dita Nd\u00ebrkomb\u00ebtare e Pun\u00ebtor\u00ebve, si lindi dhe historiku i 1 Majit - Technews.al\",\"isPartOf\":{\"@id\":\"https:\/\/technews.al\/#website\"},\"primaryImageOfPage\":{\"@id\":\"https:\/\/technews.al\/?p=26768#primaryimage\"},\"image\":{\"@id\":\"https:\/\/technews.al\/?p=26768#primaryimage\"},\"thumbnailUrl\":\"https:\/\/technews.al\/wp-content\/uploads\/2026\/05\/may-day.jpeg\",\"datePublished\":\"2026-05-01T07:20:22+00:00\",\"dateModified\":\"2026-05-01T07:20:23+00:00\",\"author\":{\"@id\":\"https:\/\/technews.al\/#\/schema\/person\/0d9ed995a903005f5e36e2bb709a98aa\"},\"breadcrumb\":{\"@id\":\"https:\/\/technews.al\/?p=26768#breadcrumb\"},\"inLanguage\":\"en-US\",\"potentialAction\":[{\"@type\":\"ReadAction\",\"target\":[\"https:\/\/technews.al\/?p=26768\"]}]},{\"@type\":\"ImageObject\",\"inLanguage\":\"en-US\",\"@id\":\"https:\/\/technews.al\/?p=26768#primaryimage\",\"url\":\"https:\/\/technews.al\/wp-content\/uploads\/2026\/05\/may-day.jpeg\",\"contentUrl\":\"https:\/\/technews.al\/wp-content\/uploads\/2026\/05\/may-day.jpeg\",\"width\":1200,\"height\":952,\"caption\":\"UNITED STATES - MAY 01: Women workers in the May Day Parade in Union Square demand a 30 hour work week. (Photo by Tom Watson\/NY Daily News Archive via Getty Images)\"},{\"@type\":\"BreadcrumbList\",\"@id\":\"https:\/\/technews.al\/?p=26768#breadcrumb\",\"itemListElement\":[{\"@type\":\"ListItem\",\"position\":1,\"name\":\"Home\",\"item\":\"https:\/\/technews.al\/\"},{\"@type\":\"ListItem\",\"position\":2,\"name\":\"Dita Nd\u00ebrkomb\u00ebtare e Pun\u00ebtor\u00ebve, si lindi dhe historiku i 1 Majit\"}]},{\"@type\":\"WebSite\",\"@id\":\"https:\/\/technews.al\/#website\",\"url\":\"https:\/\/technews.al\/\",\"name\":\"Technews.al\",\"description\":\"\",\"potentialAction\":[{\"@type\":\"SearchAction\",\"target\":{\"@type\":\"EntryPoint\",\"urlTemplate\":\"https:\/\/technews.al\/?s={search_term_string}\"},\"query-input\":\"required name=search_term_string\"}],\"inLanguage\":\"en-US\"},{\"@type\":\"Person\",\"@id\":\"https:\/\/technews.al\/#\/schema\/person\/0d9ed995a903005f5e36e2bb709a98aa\",\"name\":\"Tech Expert\",\"image\":{\"@type\":\"ImageObject\",\"inLanguage\":\"en-US\",\"@id\":\"https:\/\/technews.al\/#\/schema\/person\/image\/\",\"url\":\"https:\/\/technews.al\/wp-content\/uploads\/2023\/11\/Untitled-design-1-96x96.jpg\",\"contentUrl\":\"https:\/\/technews.al\/wp-content\/uploads\/2023\/11\/Untitled-design-1-96x96.jpg\",\"caption\":\"Tech Expert\"},\"url\":\"https:\/\/technews.al\/?author=4\"}]}<\/script>\n<!-- \/ Yoast SEO plugin. -->","yoast_head_json":{"title":"Dita Nd\u00ebrkomb\u00ebtare e Pun\u00ebtor\u00ebve, si lindi dhe historiku i 1 Majit - Technews.al","robots":{"index":"index","follow":"follow","max-snippet":"max-snippet:-1","max-image-preview":"max-image-preview:large","max-video-preview":"max-video-preview:-1"},"canonical":"https:\/\/technews.al\/?p=26768","og_locale":"en_US","og_type":"article","og_title":"Dita Nd\u00ebrkomb\u00ebtare e Pun\u00ebtor\u00ebve, si lindi dhe historiku i 1 Majit - Technews.al","og_description":"1 Maji njihet si Dita Nd\u00ebrkomb\u00ebtare e Pun\u00ebtor\u00ebve. Ky manifestim lindi nga lufta e pun\u00ebtor\u00ebve p\u00ebr t\u00eb k\u00ebrkuar dhe siguruar t\u00eb drejtat, lirit\u00eb dhe kushtet e pun\u00ebs e t\u00eb jetes\u00ebs. Kjo dit\u00eb, ju referohet protestave t\u00eb pun\u00ebtor\u00ebve, p\u00ebr orar t\u00eb pun\u00ebs 8 or\u00eb, p\u00ebr paga mesatare t\u00eb garantuara, p\u00ebr pajisje mbrojt\u00ebse n\u00eb vendin e pun\u00ebs.","og_url":"https:\/\/technews.al\/?p=26768","og_site_name":"Technews.al","article_published_time":"2026-05-01T07:20:22+00:00","article_modified_time":"2026-05-01T07:20:23+00:00","og_image":[{"width":1200,"height":952,"url":"https:\/\/technews.al\/wp-content\/uploads\/2026\/05\/may-day.jpeg","type":"image\/jpeg"}],"author":"Tech Expert","twitter_card":"summary_large_image","twitter_misc":{"Written by":"Tech Expert","Est. reading time":"2 minutes"},"schema":{"@context":"https:\/\/schema.org","@graph":[{"@type":"WebPage","@id":"https:\/\/technews.al\/?p=26768","url":"https:\/\/technews.al\/?p=26768","name":"Dita Nd\u00ebrkomb\u00ebtare e Pun\u00ebtor\u00ebve, si lindi dhe historiku i 1 Majit - Technews.al","isPartOf":{"@id":"https:\/\/technews.al\/#website"},"primaryImageOfPage":{"@id":"https:\/\/technews.al\/?p=26768#primaryimage"},"image":{"@id":"https:\/\/technews.al\/?p=26768#primaryimage"},"thumbnailUrl":"https:\/\/technews.al\/wp-content\/uploads\/2026\/05\/may-day.jpeg","datePublished":"2026-05-01T07:20:22+00:00","dateModified":"2026-05-01T07:20:23+00:00","author":{"@id":"https:\/\/technews.al\/#\/schema\/person\/0d9ed995a903005f5e36e2bb709a98aa"},"breadcrumb":{"@id":"https:\/\/technews.al\/?p=26768#breadcrumb"},"inLanguage":"en-US","potentialAction":[{"@type":"ReadAction","target":["https:\/\/technews.al\/?p=26768"]}]},{"@type":"ImageObject","inLanguage":"en-US","@id":"https:\/\/technews.al\/?p=26768#primaryimage","url":"https:\/\/technews.al\/wp-content\/uploads\/2026\/05\/may-day.jpeg","contentUrl":"https:\/\/technews.al\/wp-content\/uploads\/2026\/05\/may-day.jpeg","width":1200,"height":952,"caption":"UNITED STATES - MAY 01: Women workers in the May Day Parade in Union Square demand a 30 hour work week. (Photo by Tom Watson\/NY Daily News Archive via Getty Images)"},{"@type":"BreadcrumbList","@id":"https:\/\/technews.al\/?p=26768#breadcrumb","itemListElement":[{"@type":"ListItem","position":1,"name":"Home","item":"https:\/\/technews.al\/"},{"@type":"ListItem","position":2,"name":"Dita Nd\u00ebrkomb\u00ebtare e Pun\u00ebtor\u00ebve, si lindi dhe historiku i 1 Majit"}]},{"@type":"WebSite","@id":"https:\/\/technews.al\/#website","url":"https:\/\/technews.al\/","name":"Technews.al","description":"","potentialAction":[{"@type":"SearchAction","target":{"@type":"EntryPoint","urlTemplate":"https:\/\/technews.al\/?s={search_term_string}"},"query-input":"required name=search_term_string"}],"inLanguage":"en-US"},{"@type":"Person","@id":"https:\/\/technews.al\/#\/schema\/person\/0d9ed995a903005f5e36e2bb709a98aa","name":"Tech Expert","image":{"@type":"ImageObject","inLanguage":"en-US","@id":"https:\/\/technews.al\/#\/schema\/person\/image\/","url":"https:\/\/technews.al\/wp-content\/uploads\/2023\/11\/Untitled-design-1-96x96.jpg","contentUrl":"https:\/\/technews.al\/wp-content\/uploads\/2023\/11\/Untitled-design-1-96x96.jpg","caption":"Tech Expert"},"url":"https:\/\/technews.al\/?author=4"}]}},"_links":{"self":[{"href":"https:\/\/technews.al\/index.php?rest_route=\/wp\/v2\/posts\/26768"}],"collection":[{"href":"https:\/\/technews.al\/index.php?rest_route=\/wp\/v2\/posts"}],"about":[{"href":"https:\/\/technews.al\/index.php?rest_route=\/wp\/v2\/types\/post"}],"author":[{"embeddable":true,"href":"https:\/\/technews.al\/index.php?rest_route=\/wp\/v2\/users\/4"}],"replies":[{"embeddable":true,"href":"https:\/\/technews.al\/index.php?rest_route=%2Fwp%2Fv2%2Fcomments&post=26768"}],"version-history":[{"count":1,"href":"https:\/\/technews.al\/index.php?rest_route=\/wp\/v2\/posts\/26768\/revisions"}],"predecessor-version":[{"id":26770,"href":"https:\/\/technews.al\/index.php?rest_route=\/wp\/v2\/posts\/26768\/revisions\/26770"}],"wp:featuredmedia":[{"embeddable":true,"href":"https:\/\/technews.al\/index.php?rest_route=\/wp\/v2\/media\/26769"}],"wp:attachment":[{"href":"https:\/\/technews.al\/index.php?rest_route=%2Fwp%2Fv2%2Fmedia&parent=26768"}],"wp:term":[{"taxonomy":"category","embeddable":true,"href":"https:\/\/technews.al\/index.php?rest_route=%2Fwp%2Fv2%2Fcategories&post=26768"},{"taxonomy":"post_tag","embeddable":true,"href":"https:\/\/technews.al\/index.php?rest_route=%2Fwp%2Fv2%2Ftags&post=26768"}],"curies":[{"name":"wp","href":"https:\/\/api.w.org\/{rel}","templated":true}]}}