{"id":7438,"date":"2023-01-18T07:30:00","date_gmt":"2023-01-18T07:30:00","guid":{"rendered":"https:\/\/technews.al\/?p=7438"},"modified":"2023-01-17T22:18:53","modified_gmt":"2023-01-17T22:18:53","slug":"apple-prezanton-macmini-me-m2-dhe-m2-pro","status":"publish","type":"post","link":"https:\/\/technews.al\/?p=7438","title":{"rendered":"Apple prezanton MacMini me M2 dhe M2 Pro"},"content":{"rendered":"\t\t<div data-elementor-type=\"wp-post\" data-elementor-id=\"7438\" class=\"elementor elementor-7438\">\n\t\t\t\t\t\t\t\t\t<section class=\"has-el-gap el-gap-default elementor-section elementor-top-section elementor-element elementor-element-d149056 elementor-section-boxed elementor-section-height-default elementor-section-height-default\" data-id=\"d149056\" data-element_type=\"section\">\n\t\t\t\t\t\t<div class=\"elementor-container elementor-column-gap-no\">\n\t\t\t\t\t<div class=\"elementor-column elementor-col-100 elementor-top-column elementor-element elementor-element-2f93fa3\" data-id=\"2f93fa3\" data-element_type=\"column\">\n\t\t\t<div class=\"elementor-widget-wrap elementor-element-populated\">\n\t\t\t\t\t\t\t\t<div class=\"elementor-element elementor-element-dbcca10 elementor-widget elementor-widget-text-editor\" data-id=\"dbcca10\" data-element_type=\"widget\" data-widget_type=\"text-editor.default\">\n\t\t\t\t<div class=\"elementor-widget-container\">\n\t\t\t<style>\/*! elementor - v3.8.1 - 13-11-2022 *\/\n.elementor-widget-text-editor.elementor-drop-cap-view-stacked .elementor-drop-cap{background-color:#818a91;color:#fff}.elementor-widget-text-editor.elementor-drop-cap-view-framed .elementor-drop-cap{color:#818a91;border:3px solid;background-color:transparent}.elementor-widget-text-editor:not(.elementor-drop-cap-view-default) .elementor-drop-cap{margin-top:8px}.elementor-widget-text-editor:not(.elementor-drop-cap-view-default) .elementor-drop-cap-letter{width:1em;height:1em}.elementor-widget-text-editor .elementor-drop-cap{float:left;text-align:center;line-height:1;font-size:50px}.elementor-widget-text-editor .elementor-drop-cap-letter{display:inline-block}<\/style>\t\t\t\t<p>Tastiera, miu dhe monitori BYO mor\u00ebn trajtimin e njoftimit p\u00ebr shtyp. Nj\u00eb model i ri i pajisur me M2 \u00ebsht\u00eb tani k\u00ebtu.<\/p><p>Mac Mini \u00ebsht\u00eb kompjuteri i radh\u00ebs i Apple q\u00eb do t\u00eb p\u00ebrballet me \u00e7ipin M2 \u2013 dhe k\u00ebt\u00eb her\u00eb, ai po ofrohet edhe me versionin Pro t\u00eb procesorit t\u00eb Apple. Modeli i ri u njoftua m\u00ebngjesin e sot\u00ebm n\u00eb nj\u00eb njoftim p\u00ebr shtyp, me nj\u00eb \u00e7mim fillestar prej 599 dollar\u00eb dhe \u00ebsht\u00eb i disponuesh\u00ebm p\u00ebr t\u00eb porositur sot, me disponueshm\u00ebri duke filluar nga e marta, 24 janar.<\/p><p>Konfigurimi baz\u00eb i Mac Mini p\u00ebrfshin \u00e7ipin M2, 8 GB RAM dhe 256 GB hap\u00ebsir\u00eb \u200b\u200bruajt\u00ebse. Ai p\u00ebrmban nj\u00eb port\u00eb HDMI, gigabit ethernet dhe nj\u00eb fole standarde kufjesh, s\u00eb bashku me dy porte USB-A dhe dy porte Thunderbolt 4 (USB-C) n\u00eb pjes\u00ebn e pasme t\u00eb pajisjes \u2013 nj\u00eb p\u00ebrmir\u00ebsim nga portat Thunderbolt 3 t\u00eb gjenerat\u00ebs s\u00eb m\u00ebparshme.<\/p><p>Konfigurimi M2 Pro i Mac Mini-t t\u00eb ri p\u00ebrmban 16 GB RAM, 512 GB hap\u00ebsir\u00eb \u200b\u200bruajt\u00ebse SSD dhe dy porte shtes\u00eb Thunderbolt 4 s\u00eb bashku me portat tashm\u00eb t\u00eb disponueshme n\u00eb modelin standard M2. Ky konfigurim do t&#8217;ju kthej\u00eb 1299 dollar\u00eb, m\u00eb shum\u00eb se dyfishi i \u00e7mimit t\u00eb modelit baz\u00eb. Mund ta konfiguroni gjithashtu q\u00eb t\u00eb shtoj\u00eb 16 GB RAM shtes\u00eb (p\u00ebr nj\u00eb total prej 32 GB) p\u00ebr 400 dollar\u00eb dhe t\u00eb rris\u00eb CPU-n\u00eb me 10 b\u00ebrthama \/ procesorin GPU me 16 b\u00ebrthama t\u00eb M2 Pro deri n\u00eb nj\u00eb variant CPU 12-core \/ GPU me 19 b\u00ebrthama p\u00ebr 300 dollar\u00eb shtes\u00eb.<\/p><p>Apple pretendon se M2 Pro Mac Mini i ri \u00ebsht\u00eb m\u00eb i shpejt\u00eb se paraardh\u00ebsi i tij me fuqi M1 n\u00eb kontekste si performanca grafike n\u00eb Affinity Photo (2,5 her\u00eb m\u00eb shpejt) dhe duke dh\u00ebn\u00eb nj\u00eb afat kohor kompleks n\u00eb Final Cut Pro (4,2 her\u00eb m\u00eb i shpejt\u00eb). Por si zakonisht, Apple nuk ka dh\u00ebn\u00eb specifika p\u00ebr sa i p\u00ebrket p\u00ebrfitimeve t\u00eb p\u00ebrgjithshme t\u00eb performanc\u00ebs, dhe ia vlen t\u00eb p\u00ebrmendet se k\u00ebto krahasime jan\u00eb kund\u00ebr M1 dhe jo M1 Pro apo edhe M2.<\/p><p>Standardi M2 Mac Mini mund t\u00eb mb\u00ebshtes\u00eb deri n\u00eb dy ekrane (nj\u00eb ekran deri n\u00eb 6K \/ 60Hz mbi nj\u00eb lidhje Thunderbolt dhe nj\u00eb ekran t\u00eb dyt\u00eb deri n\u00eb 5K \/ 60Hz mbi Thunderbolt ose nj\u00eb 4K \/ 60Hz mbi HDMI), nd\u00ebrsa varianti M2 Pro mund t\u00eb mb\u00ebshtes\u00eb ose tre ekrane (dy ekrane deri n\u00eb 6K \/ 60Hz mbi Thunderbolt dhe nj\u00eb ekran 4K \/ 60Hz mbi HDMI) ose nj\u00eb ekran t\u00eb vet\u00ebm 8K, duke e b\u00ebr\u00eb at\u00eb Mac Mini i par\u00eb q\u00eb e b\u00ebn k\u00ebt\u00eb.<\/p><p>Si zakonisht, Mac Mini-it t\u00eb ri i mungon RAM-i i z\u00ebvend\u00ebsuesh\u00ebm nga p\u00ebrdoruesi, k\u00ebshtu q\u00eb n\u00ebse e dini se do t&#8217;ju duhet m\u00eb shum\u00eb se konfigurimet baz\u00eb, do t&#8217;ju duhet ta shtoni at\u00eb q\u00eb nga momenti i blerjes. P\u00ebr lidhjen me val\u00eb, t\u00eb dy versionet e Mac Mini t\u00eb ri mb\u00ebshtesin Wi-Fi 6E dhe Bluetooth 5.3.<\/p><p>Kjo \u00ebsht\u00eb hera e par\u00eb q\u00eb Apple ka sjell\u00eb \u00e7ipa Pro-tier n\u00eb Mini. Mini m\u00eb par\u00eb ofrohej vet\u00ebm me \u00e7ipin M1 t\u00eb nivelit fillestar \u2013 i nj\u00ebjti i p\u00ebrdorur n\u00eb MacBook Air. K\u00ebt\u00eb her\u00eb, ai po ofrohet me nj\u00eb nga serit\u00eb m\u00eb t\u00eb fuqishme t\u00eb \u00e7ipave t\u00eb Apple. M2 Max, megjithat\u00eb, deri m\u00eb tani ofrohet vet\u00ebm n\u00eb MacBook Pro.<\/p><p>Apple e rishikoi p\u00ebr her\u00eb t\u00eb fundit Mac Mini-n n\u00eb vitin 2020, por ai nuk i p\u00ebrshtati specifikat e tij kur M1 Pro dhe M1 Pro Max debutuan n\u00eb fund t\u00eb 2021. \u00c7ipi M2 debutoi n\u00eb qershor 2022 n\u00eb MacBook Air dhe MacBook Pro 13 in\u00e7 dhe m\u00eb von\u00eb u zgjerua n\u00eb iPad Pro; kjo \u00ebsht\u00eb hera e par\u00eb q\u00eb vjen n\u00eb nj\u00eb desktop.<\/p><p><iframe loading=\"lazy\" title=\"Meet the new MacBook Pro and Mac mini | Apple\" width=\"788\" height=\"443\" src=\"https:\/\/www.youtube.com\/embed\/6Ij9PiehENA?feature=oembed\" frameborder=\"0\" allow=\"accelerometer; autoplay; clipboard-write; encrypted-media; gyroscope; picture-in-picture; web-share\" allowfullscreen><\/iframe><\/p>\t\t\t\t\t\t<\/div>\n\t\t\t\t<\/div>\n\t\t\t\t\t<\/div>\n\t\t<\/div>\n\t\t\t\t\t\t\t<\/div>\n\t\t<\/section>\n\t\t\t\t\t\t\t<\/div>\n\t\t","protected":false},"excerpt":{"rendered":"<p>Tastiera, miu dhe monitori BYO mor\u00ebn trajtimin e njoftimit p\u00ebr shtyp. Nj\u00eb model i ri i pajisur me M2 \u00ebsht\u00eb tani k\u00ebtu. Mac Mini \u00ebsht\u00eb kompjuteri i radh\u00ebs i Apple q\u00eb do t\u00eb p\u00ebrballet me \u00e7ipin M2 \u2013 dhe k\u00ebt\u00eb her\u00eb, ai po ofrohet edhe me versionin Pro t\u00eb procesorit t\u00eb Apple. Modeli i ri<\/p>\n","protected":false},"author":4,"featured_media":7440,"comment_status":"open","ping_status":"open","sticky":false,"template":"","format":"standard","meta":{"footnotes":""},"categories":[38],"tags":[],"class_list":{"0":"post-7438","1":"post","2":"type-post","3":"status-publish","4":"format-standard","5":"has-post-thumbnail","7":"category-tech"},"yoast_head":"<!-- This site is optimized with the Yoast SEO plugin v22.4 - https:\/\/yoast.com\/wordpress\/plugins\/seo\/ -->\n<title>Apple prezanton MacMini me M2 dhe M2 Pro - Technews.al<\/title>\n<meta name=\"robots\" content=\"index, follow, max-snippet:-1, max-image-preview:large, max-video-preview:-1\" \/>\n<link rel=\"canonical\" href=\"https:\/\/technews.al\/?p=7438\" \/>\n<meta property=\"og:locale\" content=\"en_US\" \/>\n<meta property=\"og:type\" content=\"article\" \/>\n<meta property=\"og:title\" content=\"Apple prezanton MacMini me M2 dhe M2 Pro - Technews.al\" \/>\n<meta property=\"og:description\" content=\"Tastiera, miu dhe monitori BYO mor\u00ebn trajtimin e njoftimit p\u00ebr shtyp. Nj\u00eb model i ri i pajisur me M2 \u00ebsht\u00eb tani k\u00ebtu. Mac Mini \u00ebsht\u00eb kompjuteri i radh\u00ebs i Apple q\u00eb do t\u00eb p\u00ebrballet me \u00e7ipin M2 \u2013 dhe k\u00ebt\u00eb her\u00eb, ai po ofrohet edhe me versionin Pro t\u00eb procesorit t\u00eb Apple. Modeli i ri\" \/>\n<meta property=\"og:url\" content=\"https:\/\/technews.al\/?p=7438\" \/>\n<meta property=\"og:site_name\" content=\"Technews.al\" \/>\n<meta property=\"article:published_time\" content=\"2023-01-18T07:30:00+00:00\" \/>\n<meta property=\"article:modified_time\" content=\"2023-01-17T22:18:53+00:00\" \/>\n<meta property=\"og:image\" content=\"https:\/\/technews.al\/wp-content\/uploads\/2023\/01\/14-vs-16-inch-mbp-m2-pro-and-max-feature-1-scaled.jpg\" \/>\n\t<meta property=\"og:image:width\" content=\"2560\" \/>\n\t<meta property=\"og:image:height\" content=\"1506\" \/>\n\t<meta property=\"og:image:type\" content=\"image\/jpeg\" \/>\n<meta name=\"author\" content=\"Tech Expert\" \/>\n<meta name=\"twitter:card\" content=\"summary_large_image\" \/>\n<meta name=\"twitter:label1\" content=\"Written by\" \/>\n\t<meta name=\"twitter:data1\" content=\"Tech Expert\" \/>\n\t<meta name=\"twitter:label2\" content=\"Est. reading time\" \/>\n\t<meta name=\"twitter:data2\" content=\"3 minutes\" \/>\n<script type=\"application\/ld+json\" class=\"yoast-schema-graph\">{\"@context\":\"https:\/\/schema.org\",\"@graph\":[{\"@type\":\"WebPage\",\"@id\":\"https:\/\/technews.al\/?p=7438\",\"url\":\"https:\/\/technews.al\/?p=7438\",\"name\":\"Apple prezanton MacMini me M2 dhe M2 Pro - Technews.al\",\"isPartOf\":{\"@id\":\"https:\/\/technews.al\/#website\"},\"primaryImageOfPage\":{\"@id\":\"https:\/\/technews.al\/?p=7438#primaryimage\"},\"image\":{\"@id\":\"https:\/\/technews.al\/?p=7438#primaryimage\"},\"thumbnailUrl\":\"https:\/\/technews.al\/wp-content\/uploads\/2023\/01\/14-vs-16-inch-mbp-m2-pro-and-max-feature-1-scaled.jpg\",\"datePublished\":\"2023-01-18T07:30:00+00:00\",\"dateModified\":\"2023-01-17T22:18:53+00:00\",\"author\":{\"@id\":\"https:\/\/technews.al\/#\/schema\/person\/0d9ed995a903005f5e36e2bb709a98aa\"},\"breadcrumb\":{\"@id\":\"https:\/\/technews.al\/?p=7438#breadcrumb\"},\"inLanguage\":\"en-US\",\"potentialAction\":[{\"@type\":\"ReadAction\",\"target\":[\"https:\/\/technews.al\/?p=7438\"]}]},{\"@type\":\"ImageObject\",\"inLanguage\":\"en-US\",\"@id\":\"https:\/\/technews.al\/?p=7438#primaryimage\",\"url\":\"https:\/\/technews.al\/wp-content\/uploads\/2023\/01\/14-vs-16-inch-mbp-m2-pro-and-max-feature-1-scaled.jpg\",\"contentUrl\":\"https:\/\/technews.al\/wp-content\/uploads\/2023\/01\/14-vs-16-inch-mbp-m2-pro-and-max-feature-1-scaled.jpg\",\"width\":2560,\"height\":1506},{\"@type\":\"BreadcrumbList\",\"@id\":\"https:\/\/technews.al\/?p=7438#breadcrumb\",\"itemListElement\":[{\"@type\":\"ListItem\",\"position\":1,\"name\":\"Home\",\"item\":\"https:\/\/technews.al\/\"},{\"@type\":\"ListItem\",\"position\":2,\"name\":\"Apple prezanton MacMini me M2 dhe M2 Pro\"}]},{\"@type\":\"WebSite\",\"@id\":\"https:\/\/technews.al\/#website\",\"url\":\"https:\/\/technews.al\/\",\"name\":\"Technews.al\",\"description\":\"\",\"potentialAction\":[{\"@type\":\"SearchAction\",\"target\":{\"@type\":\"EntryPoint\",\"urlTemplate\":\"https:\/\/technews.al\/?s={search_term_string}\"},\"query-input\":\"required name=search_term_string\"}],\"inLanguage\":\"en-US\"},{\"@type\":\"Person\",\"@id\":\"https:\/\/technews.al\/#\/schema\/person\/0d9ed995a903005f5e36e2bb709a98aa\",\"name\":\"Tech Expert\",\"image\":{\"@type\":\"ImageObject\",\"inLanguage\":\"en-US\",\"@id\":\"https:\/\/technews.al\/#\/schema\/person\/image\/\",\"url\":\"https:\/\/technews.al\/wp-content\/uploads\/2023\/11\/Untitled-design-1-96x96.jpg\",\"contentUrl\":\"https:\/\/technews.al\/wp-content\/uploads\/2023\/11\/Untitled-design-1-96x96.jpg\",\"caption\":\"Tech Expert\"},\"url\":\"https:\/\/technews.al\/?author=4\"}]}<\/script>\n<!-- \/ Yoast SEO plugin. -->","yoast_head_json":{"title":"Apple prezanton MacMini me M2 dhe M2 Pro - Technews.al","robots":{"index":"index","follow":"follow","max-snippet":"max-snippet:-1","max-image-preview":"max-image-preview:large","max-video-preview":"max-video-preview:-1"},"canonical":"https:\/\/technews.al\/?p=7438","og_locale":"en_US","og_type":"article","og_title":"Apple prezanton MacMini me M2 dhe M2 Pro - Technews.al","og_description":"Tastiera, miu dhe monitori BYO mor\u00ebn trajtimin e njoftimit p\u00ebr shtyp. Nj\u00eb model i ri i pajisur me M2 \u00ebsht\u00eb tani k\u00ebtu. Mac Mini \u00ebsht\u00eb kompjuteri i radh\u00ebs i Apple q\u00eb do t\u00eb p\u00ebrballet me \u00e7ipin M2 \u2013 dhe k\u00ebt\u00eb her\u00eb, ai po ofrohet edhe me versionin Pro t\u00eb procesorit t\u00eb Apple. Modeli i ri","og_url":"https:\/\/technews.al\/?p=7438","og_site_name":"Technews.al","article_published_time":"2023-01-18T07:30:00+00:00","article_modified_time":"2023-01-17T22:18:53+00:00","og_image":[{"width":2560,"height":1506,"url":"https:\/\/technews.al\/wp-content\/uploads\/2023\/01\/14-vs-16-inch-mbp-m2-pro-and-max-feature-1-scaled.jpg","type":"image\/jpeg"}],"author":"Tech Expert","twitter_card":"summary_large_image","twitter_misc":{"Written by":"Tech Expert","Est. reading time":"3 minutes"},"schema":{"@context":"https:\/\/schema.org","@graph":[{"@type":"WebPage","@id":"https:\/\/technews.al\/?p=7438","url":"https:\/\/technews.al\/?p=7438","name":"Apple prezanton MacMini me M2 dhe M2 Pro - Technews.al","isPartOf":{"@id":"https:\/\/technews.al\/#website"},"primaryImageOfPage":{"@id":"https:\/\/technews.al\/?p=7438#primaryimage"},"image":{"@id":"https:\/\/technews.al\/?p=7438#primaryimage"},"thumbnailUrl":"https:\/\/technews.al\/wp-content\/uploads\/2023\/01\/14-vs-16-inch-mbp-m2-pro-and-max-feature-1-scaled.jpg","datePublished":"2023-01-18T07:30:00+00:00","dateModified":"2023-01-17T22:18:53+00:00","author":{"@id":"https:\/\/technews.al\/#\/schema\/person\/0d9ed995a903005f5e36e2bb709a98aa"},"breadcrumb":{"@id":"https:\/\/technews.al\/?p=7438#breadcrumb"},"inLanguage":"en-US","potentialAction":[{"@type":"ReadAction","target":["https:\/\/technews.al\/?p=7438"]}]},{"@type":"ImageObject","inLanguage":"en-US","@id":"https:\/\/technews.al\/?p=7438#primaryimage","url":"https:\/\/technews.al\/wp-content\/uploads\/2023\/01\/14-vs-16-inch-mbp-m2-pro-and-max-feature-1-scaled.jpg","contentUrl":"https:\/\/technews.al\/wp-content\/uploads\/2023\/01\/14-vs-16-inch-mbp-m2-pro-and-max-feature-1-scaled.jpg","width":2560,"height":1506},{"@type":"BreadcrumbList","@id":"https:\/\/technews.al\/?p=7438#breadcrumb","itemListElement":[{"@type":"ListItem","position":1,"name":"Home","item":"https:\/\/technews.al\/"},{"@type":"ListItem","position":2,"name":"Apple prezanton MacMini me M2 dhe M2 Pro"}]},{"@type":"WebSite","@id":"https:\/\/technews.al\/#website","url":"https:\/\/technews.al\/","name":"Technews.al","description":"","potentialAction":[{"@type":"SearchAction","target":{"@type":"EntryPoint","urlTemplate":"https:\/\/technews.al\/?s={search_term_string}"},"query-input":"required name=search_term_string"}],"inLanguage":"en-US"},{"@type":"Person","@id":"https:\/\/technews.al\/#\/schema\/person\/0d9ed995a903005f5e36e2bb709a98aa","name":"Tech Expert","image":{"@type":"ImageObject","inLanguage":"en-US","@id":"https:\/\/technews.al\/#\/schema\/person\/image\/","url":"https:\/\/technews.al\/wp-content\/uploads\/2023\/11\/Untitled-design-1-96x96.jpg","contentUrl":"https:\/\/technews.al\/wp-content\/uploads\/2023\/11\/Untitled-design-1-96x96.jpg","caption":"Tech Expert"},"url":"https:\/\/technews.al\/?author=4"}]}},"_links":{"self":[{"href":"https:\/\/technews.al\/index.php?rest_route=\/wp\/v2\/posts\/7438"}],"collection":[{"href":"https:\/\/technews.al\/index.php?rest_route=\/wp\/v2\/posts"}],"about":[{"href":"https:\/\/technews.al\/index.php?rest_route=\/wp\/v2\/types\/post"}],"author":[{"embeddable":true,"href":"https:\/\/technews.al\/index.php?rest_route=\/wp\/v2\/users\/4"}],"replies":[{"embeddable":true,"href":"https:\/\/technews.al\/index.php?rest_route=%2Fwp%2Fv2%2Fcomments&post=7438"}],"version-history":[{"count":4,"href":"https:\/\/technews.al\/index.php?rest_route=\/wp\/v2\/posts\/7438\/revisions"}],"predecessor-version":[{"id":7445,"href":"https:\/\/technews.al\/index.php?rest_route=\/wp\/v2\/posts\/7438\/revisions\/7445"}],"wp:featuredmedia":[{"embeddable":true,"href":"https:\/\/technews.al\/index.php?rest_route=\/wp\/v2\/media\/7440"}],"wp:attachment":[{"href":"https:\/\/technews.al\/index.php?rest_route=%2Fwp%2Fv2%2Fmedia&parent=7438"}],"wp:term":[{"taxonomy":"category","embeddable":true,"href":"https:\/\/technews.al\/index.php?rest_route=%2Fwp%2Fv2%2Fcategories&post=7438"},{"taxonomy":"post_tag","embeddable":true,"href":"https:\/\/technews.al\/index.php?rest_route=%2Fwp%2Fv2%2Ftags&post=7438"}],"curies":[{"name":"wp","href":"https:\/\/api.w.org\/{rel}","templated":true}]}}