{"id":7527,"date":"2023-01-19T10:03:00","date_gmt":"2023-01-19T10:03:00","guid":{"rendered":"https:\/\/technews.al\/?p=7527"},"modified":"2023-01-18T23:05:56","modified_gmt":"2023-01-18T23:05:56","slug":"adobe-refuzon-aludimet-se-perdor-fotot-per-te-trajnuar-artin-ai","status":"publish","type":"post","link":"https:\/\/technews.al\/?p=7527","title":{"rendered":"Adobe refuzon aludimet se p\u00ebrdor fotot p\u00ebr t\u00eb trajnuar artin AI"},"content":{"rendered":"\t\t<div data-elementor-type=\"wp-post\" data-elementor-id=\"7527\" class=\"elementor elementor-7527\">\n\t\t\t\t\t\t\t\t\t<section class=\"has-el-gap el-gap-default elementor-section elementor-top-section elementor-element elementor-element-18f7a53 elementor-section-boxed elementor-section-height-default elementor-section-height-default\" data-id=\"18f7a53\" data-element_type=\"section\">\n\t\t\t\t\t\t<div class=\"elementor-container elementor-column-gap-no\">\n\t\t\t\t\t<div class=\"elementor-column elementor-col-100 elementor-top-column elementor-element elementor-element-faa0dc6\" data-id=\"faa0dc6\" data-element_type=\"column\">\n\t\t\t<div class=\"elementor-widget-wrap elementor-element-populated\">\n\t\t\t\t\t\t\t\t<div class=\"elementor-element elementor-element-8fe8fae elementor-widget elementor-widget-text-editor\" data-id=\"8fe8fae\" data-element_type=\"widget\" data-widget_type=\"text-editor.default\">\n\t\t\t\t<div class=\"elementor-widget-container\">\n\t\t\t<style>\/*! elementor - v3.8.1 - 13-11-2022 *\/\n.elementor-widget-text-editor.elementor-drop-cap-view-stacked .elementor-drop-cap{background-color:#818a91;color:#fff}.elementor-widget-text-editor.elementor-drop-cap-view-framed .elementor-drop-cap{color:#818a91;border:3px solid;background-color:transparent}.elementor-widget-text-editor:not(.elementor-drop-cap-view-default) .elementor-drop-cap{margin-top:8px}.elementor-widget-text-editor:not(.elementor-drop-cap-view-default) .elementor-drop-cap-letter{width:1em;height:1em}.elementor-widget-text-editor .elementor-drop-cap{float:left;text-align:center;line-height:1;font-size:50px}.elementor-widget-text-editor .elementor-drop-cap-letter{display:inline-block}<\/style>\t\t\t\t<p>Shkarkimi pason disa jav\u00eb kritikash nga komuniteti krijues n\u00eb lidhje me politikat e AI t\u00eb kompanis\u00eb.<\/p><p>Shefi i produkteve t\u00eb Adobe, Scott Belsky, i \u00ebsht\u00eb p\u00ebrgjigjur shqet\u00ebsimeve n\u00eb lidhje me politikat e kompanis\u00eb p\u00ebr inteligjenc\u00ebn artificiale, duke pretenduar se Adobe nuk ka p\u00ebrdorur kurr\u00eb p\u00ebrmbajtje t\u00eb krijuar nga klient\u00ebt e saj p\u00ebr t\u00eb trajnuar AI gjeneruese. &#8220;Ne kurr\u00eb, kurr\u00eb nuk kemi p\u00ebrdorur asgj\u00eb n\u00eb ruajtjen ton\u00eb p\u00ebr t\u00eb trajnuar nj\u00eb model gjenerues t\u00eb AI,&#8221; tha Belsky n\u00eb nj\u00eb intervist\u00eb me Bloomberg t\u00eb mart\u00ebn. &#8220;Jo nj\u00eb her\u00eb.&#8221;<\/p><p><blockquote class=\"twitter-tweet\" data-width=\"550\" data-dnt=\"true\"><p lang=\"en\" dir=\"ltr\">Adobe saying customer data has never been used to train generative AI. <a href=\"https:\/\/twitter.com\/scottbelsky?ref_src=twsrc%5Etfw\">@scottbelsky<\/a> told me they&#39;re working on making the policy more explicit. <a href=\"https:\/\/t.co\/4CuzFjEEt8\">https:\/\/t.co\/4CuzFjEEt8<\/a> <a href=\"https:\/\/t.co\/QahNv9Q78Q\">https:\/\/t.co\/QahNv9Q78Q<\/a><\/p>&mdash; Brody Ford (@BrodyFord_) <a href=\"https:\/\/twitter.com\/BrodyFord_\/status\/1615704309169102849?ref_src=twsrc%5Etfw\">January 18, 2023<\/a><\/blockquote><script async src=\"https:\/\/platform.twitter.com\/widgets.js\" charset=\"utf-8\"><\/script><\/p><p>N\u00eb fillim t\u00eb k\u00ebtij muaji, Fondacioni Krita (nj\u00eb grup q\u00eb nd\u00ebrton softuer grafik me burim t\u00eb hapur) postoi nj\u00eb pamje t\u00eb kushteve t\u00eb sh\u00ebrbimit t\u00eb Adobe n\u00eb Twitter, e cila thot\u00eb, &#8220;Adobe mund t\u00eb analizoj\u00eb p\u00ebrmbajtjen tuaj duke p\u00ebrdorur teknika t\u00eb tilla si m\u00ebsimi i makinerive (p.sh., p\u00ebr njohjen e modeleve) p\u00ebr t\u00eb zhvilluar dhe p\u00ebrmir\u00ebsuar produktet dhe sh\u00ebrbimet tona.\u201d Disa p\u00ebrdorues e interpretuan k\u00ebt\u00eb si Adobe duke p\u00ebrdorur p\u00ebrmbajtje t\u00eb krijuar nga klient\u00ebt e saj p\u00ebr t\u00eb trajnuar modele gjeneruese t\u00eb AI dhe kritikuan kompanin\u00eb p\u00ebr zgjedhjen e p\u00ebrdoruesve n\u00eb analiz\u00ebn e p\u00ebrmbajtjes si parazgjedhje.<\/p><p>P\u00ebrdorimi i modeleve gjeneruese t\u00eb AI si DALL-E dhe Midjourney i OpenAI ka ndezur polemika n\u00eb komunitetin krijues pasi teknologjia shpesh trajnohet duke p\u00ebrdorur grupe t\u00eb dh\u00ebnash q\u00eb p\u00ebrmbajn\u00eb imazhe t\u00eb fshira nga interneti pa lejen e krijuesve t\u00eb tyre. Shum\u00eb artist\u00eb pretendojn\u00eb se arti gjenerues u mund\u00ebson nxit\u00ebsve t\u00eb artit t\u00eb AI t\u00eb p\u00ebrfitojn\u00eb nga puna e artist\u00ebve njer\u00ebzor\u00eb pa kompensim adekuat.<\/p><p>Belsky iu referua kritikave si nj\u00eb &#8220;thirrje zgjimi&#8221; dhe tha se politika nuk ka p\u00ebr q\u00ebllim gjenerimin e imazhit, n\u00eb vend t\u00eb k\u00ebsaj lejon q\u00eb produktet t\u00eb analizohen p\u00ebr t\u00eb p\u00ebrmir\u00ebsuar tiparet e tyre.<\/p><p>&#8220;Ne po nxjerrim nj\u00eb evolucion t\u00eb ri t\u00eb k\u00ebsaj politike q\u00eb \u00ebsht\u00eb m\u00eb specifik,&#8221; tha Belsky. \u201cN\u00ebse ndonj\u00ebher\u00eb i lejojm\u00eb njer\u00ebzit t\u00eb zgjedhin n\u00eb m\u00ebnyr\u00eb specifike AI gjeneruese, duhet ta th\u00ebrrasim at\u00eb dhe t\u00eb shpjegojm\u00eb se si po e p\u00ebrdorim at\u00eb\u201d, duke shtuar m\u00eb von\u00eb, \u201cDuhet t\u00eb jemi shum\u00eb t\u00eb qart\u00eb n\u00eb lidhje me k\u00ebto gj\u00ebra\u201d.<\/p><p>Adobe ka zhvilluar disa produkte dhe mjete q\u00eb p\u00ebrdorin algoritme t\u00eb AI, si Adobe Sensei. Adobe Sensei \u00ebsht\u00eb nj\u00eb shtres\u00eb inteligjence q\u00eb integrohet me softuer si Photoshop, Lightroom dhe Premiere Pro dhe mund t\u00eb p\u00ebrdoret nga krijuesit p\u00ebr t\u00eb automatizuar detyrat e zakonshme ose t\u00eb p\u00ebrs\u00ebritura &#8211; t\u00eb tilla si identifikimi i elementeve brenda imazheve si fytyrat ose nd\u00ebrtesat dhe sugjerimi i etiketave p\u00ebr imazhet brenda Creative Cloud .<\/p><p>Nd\u00ebrsa kompanit\u00eb e tjera dhe platformat e p\u00ebrmbajtjes kan\u00eb l\u00ebvizur p\u00ebr t\u00eb kufizuar ose ndaluar plot\u00ebsisht p\u00ebrmbajtjen e krijuar nga AI, Adobe ka marr\u00eb nj\u00eb qasje m\u00eb fleksib\u00ebl. P\u00ebrve\u00e7 pun\u00ebs n\u00eb mjetet e veta t\u00eb AI, kompania po punon gjithashtu n\u00eb ve\u00e7ori q\u00eb ndihmojn\u00eb n\u00eb nxjerrjen n\u00eb pah kur imazhet ndryshohen ose krijohen; nj\u00eb ve\u00e7ori beta p\u00ebr Photoshop-in e quajtur Kredencialet e p\u00ebrmbajtjes u l\u00ebshua gjat\u00eb konferenc\u00ebs s\u00eb saj Adobe Max 2022, e cila u lejon krijuesve t\u00eb ngulitin metadatat e atribuimit n\u00eb nj\u00eb imazh t\u00eb eksportuar.<\/p><p>Gjat\u00eb s\u00eb nj\u00ebjt\u00ebs konferenc\u00eb, Belsky gjithashtu njoftoi se Adobe po eksperimenton n\u00eb m\u00ebnyr\u00eb aktive me teknologjin\u00eb gjeneruese t\u00eb AI. \u201cNe jemi t\u00eb p\u00ebrkushtuar t\u00eb ndihmojm\u00eb n\u00eb udh\u00ebheqjen e k\u00ebtij tranzicioni duke zbatuar AI Gjenerative n\u00eb mjetet tona n\u00eb nj\u00eb m\u00ebnyr\u00eb q\u00eb fuqizon artist\u00ebt dhe hap kreativitetin ndaj njer\u00ebzve t\u00eb rinj, por kurr\u00eb nuk k\u00ebrkon t\u00eb z\u00ebvend\u00ebsoj\u00eb imagjinat\u00ebn dhe gjykimin njer\u00ebzor,\u201d tha Belsky p\u00ebrmes nj\u00eb postimi n\u00eb blog. &#8220;Ne po punojm\u00eb me komunitetet krijuese dhe teknologjike p\u00ebr t\u00eb siguruar q\u00eb AI Gjenerative t\u00eb zhvillohet me transparenc\u00eb.&#8221;<\/p>\t\t\t\t\t\t<\/div>\n\t\t\t\t<\/div>\n\t\t\t\t\t<\/div>\n\t\t<\/div>\n\t\t\t\t\t\t\t<\/div>\n\t\t<\/section>\n\t\t\t\t\t\t\t<\/div>\n\t\t","protected":false},"excerpt":{"rendered":"<p>Shkarkimi pason disa jav\u00eb kritikash nga komuniteti krijues n\u00eb lidhje me politikat e AI t\u00eb kompanis\u00eb. Shefi i produkteve t\u00eb Adobe, Scott Belsky, i \u00ebsht\u00eb p\u00ebrgjigjur shqet\u00ebsimeve n\u00eb lidhje me politikat e kompanis\u00eb p\u00ebr inteligjenc\u00ebn artificiale, duke pretenduar se Adobe nuk ka p\u00ebrdorur kurr\u00eb p\u00ebrmbajtje t\u00eb krijuar nga klient\u00ebt e saj p\u00ebr t\u00eb trajnuar AI<\/p>\n","protected":false},"author":4,"featured_media":7529,"comment_status":"open","ping_status":"open","sticky":false,"template":"","format":"standard","meta":{"footnotes":""},"categories":[38],"tags":[],"class_list":{"0":"post-7527","1":"post","2":"type-post","3":"status-publish","4":"format-standard","5":"has-post-thumbnail","7":"category-tech"},"yoast_head":"<!-- This site is optimized with the Yoast SEO plugin v22.4 - https:\/\/yoast.com\/wordpress\/plugins\/seo\/ -->\n<title>Adobe refuzon aludimet se p\u00ebrdor fotot p\u00ebr t\u00eb trajnuar artin AI - Technews.al<\/title>\n<meta name=\"robots\" content=\"index, follow, max-snippet:-1, max-image-preview:large, max-video-preview:-1\" \/>\n<link rel=\"canonical\" href=\"https:\/\/technews.al\/?p=7527\" \/>\n<meta property=\"og:locale\" content=\"en_US\" \/>\n<meta property=\"og:type\" content=\"article\" \/>\n<meta property=\"og:title\" content=\"Adobe refuzon aludimet se p\u00ebrdor fotot p\u00ebr t\u00eb trajnuar artin AI - Technews.al\" \/>\n<meta property=\"og:description\" content=\"Shkarkimi pason disa jav\u00eb kritikash nga komuniteti krijues n\u00eb lidhje me politikat e AI t\u00eb kompanis\u00eb. Shefi i produkteve t\u00eb Adobe, Scott Belsky, i \u00ebsht\u00eb p\u00ebrgjigjur shqet\u00ebsimeve n\u00eb lidhje me politikat e kompanis\u00eb p\u00ebr inteligjenc\u00ebn artificiale, duke pretenduar se Adobe nuk ka p\u00ebrdorur kurr\u00eb p\u00ebrmbajtje t\u00eb krijuar nga klient\u00ebt e saj p\u00ebr t\u00eb trajnuar AI\" \/>\n<meta property=\"og:url\" content=\"https:\/\/technews.al\/?p=7527\" \/>\n<meta property=\"og:site_name\" content=\"Technews.al\" \/>\n<meta property=\"article:published_time\" content=\"2023-01-19T10:03:00+00:00\" \/>\n<meta property=\"article:modified_time\" content=\"2023-01-18T23:05:56+00:00\" \/>\n<meta property=\"og:image\" content=\"https:\/\/technews.al\/wp-content\/uploads\/2023\/01\/default-meta-image.png\" \/>\n\t<meta property=\"og:image:width\" content=\"3334\" \/>\n\t<meta property=\"og:image:height\" content=\"1459\" \/>\n\t<meta property=\"og:image:type\" content=\"image\/png\" \/>\n<meta name=\"author\" content=\"Tech Expert\" \/>\n<meta name=\"twitter:card\" content=\"summary_large_image\" \/>\n<meta name=\"twitter:label1\" content=\"Written by\" \/>\n\t<meta name=\"twitter:data1\" content=\"Tech Expert\" \/>\n\t<meta name=\"twitter:label2\" content=\"Est. reading time\" \/>\n\t<meta name=\"twitter:data2\" content=\"4 minutes\" \/>\n<script type=\"application\/ld+json\" class=\"yoast-schema-graph\">{\"@context\":\"https:\/\/schema.org\",\"@graph\":[{\"@type\":\"WebPage\",\"@id\":\"https:\/\/technews.al\/?p=7527\",\"url\":\"https:\/\/technews.al\/?p=7527\",\"name\":\"Adobe refuzon aludimet se p\u00ebrdor fotot p\u00ebr t\u00eb trajnuar artin AI - Technews.al\",\"isPartOf\":{\"@id\":\"https:\/\/technews.al\/#website\"},\"primaryImageOfPage\":{\"@id\":\"https:\/\/technews.al\/?p=7527#primaryimage\"},\"image\":{\"@id\":\"https:\/\/technews.al\/?p=7527#primaryimage\"},\"thumbnailUrl\":\"https:\/\/technews.al\/wp-content\/uploads\/2023\/01\/default-meta-image.png\",\"datePublished\":\"2023-01-19T10:03:00+00:00\",\"dateModified\":\"2023-01-18T23:05:56+00:00\",\"author\":{\"@id\":\"https:\/\/technews.al\/#\/schema\/person\/0d9ed995a903005f5e36e2bb709a98aa\"},\"breadcrumb\":{\"@id\":\"https:\/\/technews.al\/?p=7527#breadcrumb\"},\"inLanguage\":\"en-US\",\"potentialAction\":[{\"@type\":\"ReadAction\",\"target\":[\"https:\/\/technews.al\/?p=7527\"]}]},{\"@type\":\"ImageObject\",\"inLanguage\":\"en-US\",\"@id\":\"https:\/\/technews.al\/?p=7527#primaryimage\",\"url\":\"https:\/\/technews.al\/wp-content\/uploads\/2023\/01\/default-meta-image.png\",\"contentUrl\":\"https:\/\/technews.al\/wp-content\/uploads\/2023\/01\/default-meta-image.png\",\"width\":3334,\"height\":1459},{\"@type\":\"BreadcrumbList\",\"@id\":\"https:\/\/technews.al\/?p=7527#breadcrumb\",\"itemListElement\":[{\"@type\":\"ListItem\",\"position\":1,\"name\":\"Home\",\"item\":\"https:\/\/technews.al\/\"},{\"@type\":\"ListItem\",\"position\":2,\"name\":\"Adobe refuzon aludimet se p\u00ebrdor fotot p\u00ebr t\u00eb trajnuar artin AI\"}]},{\"@type\":\"WebSite\",\"@id\":\"https:\/\/technews.al\/#website\",\"url\":\"https:\/\/technews.al\/\",\"name\":\"Technews.al\",\"description\":\"\",\"potentialAction\":[{\"@type\":\"SearchAction\",\"target\":{\"@type\":\"EntryPoint\",\"urlTemplate\":\"https:\/\/technews.al\/?s={search_term_string}\"},\"query-input\":\"required name=search_term_string\"}],\"inLanguage\":\"en-US\"},{\"@type\":\"Person\",\"@id\":\"https:\/\/technews.al\/#\/schema\/person\/0d9ed995a903005f5e36e2bb709a98aa\",\"name\":\"Tech Expert\",\"image\":{\"@type\":\"ImageObject\",\"inLanguage\":\"en-US\",\"@id\":\"https:\/\/technews.al\/#\/schema\/person\/image\/\",\"url\":\"https:\/\/technews.al\/wp-content\/uploads\/2023\/11\/Untitled-design-1-96x96.jpg\",\"contentUrl\":\"https:\/\/technews.al\/wp-content\/uploads\/2023\/11\/Untitled-design-1-96x96.jpg\",\"caption\":\"Tech Expert\"},\"url\":\"https:\/\/technews.al\/?author=4\"}]}<\/script>\n<!-- \/ Yoast SEO plugin. -->","yoast_head_json":{"title":"Adobe refuzon aludimet se p\u00ebrdor fotot p\u00ebr t\u00eb trajnuar artin AI - Technews.al","robots":{"index":"index","follow":"follow","max-snippet":"max-snippet:-1","max-image-preview":"max-image-preview:large","max-video-preview":"max-video-preview:-1"},"canonical":"https:\/\/technews.al\/?p=7527","og_locale":"en_US","og_type":"article","og_title":"Adobe refuzon aludimet se p\u00ebrdor fotot p\u00ebr t\u00eb trajnuar artin AI - Technews.al","og_description":"Shkarkimi pason disa jav\u00eb kritikash nga komuniteti krijues n\u00eb lidhje me politikat e AI t\u00eb kompanis\u00eb. Shefi i produkteve t\u00eb Adobe, Scott Belsky, i \u00ebsht\u00eb p\u00ebrgjigjur shqet\u00ebsimeve n\u00eb lidhje me politikat e kompanis\u00eb p\u00ebr inteligjenc\u00ebn artificiale, duke pretenduar se Adobe nuk ka p\u00ebrdorur kurr\u00eb p\u00ebrmbajtje t\u00eb krijuar nga klient\u00ebt e saj p\u00ebr t\u00eb trajnuar AI","og_url":"https:\/\/technews.al\/?p=7527","og_site_name":"Technews.al","article_published_time":"2023-01-19T10:03:00+00:00","article_modified_time":"2023-01-18T23:05:56+00:00","og_image":[{"width":3334,"height":1459,"url":"https:\/\/technews.al\/wp-content\/uploads\/2023\/01\/default-meta-image.png","type":"image\/png"}],"author":"Tech Expert","twitter_card":"summary_large_image","twitter_misc":{"Written by":"Tech Expert","Est. reading time":"4 minutes"},"schema":{"@context":"https:\/\/schema.org","@graph":[{"@type":"WebPage","@id":"https:\/\/technews.al\/?p=7527","url":"https:\/\/technews.al\/?p=7527","name":"Adobe refuzon aludimet se p\u00ebrdor fotot p\u00ebr t\u00eb trajnuar artin AI - Technews.al","isPartOf":{"@id":"https:\/\/technews.al\/#website"},"primaryImageOfPage":{"@id":"https:\/\/technews.al\/?p=7527#primaryimage"},"image":{"@id":"https:\/\/technews.al\/?p=7527#primaryimage"},"thumbnailUrl":"https:\/\/technews.al\/wp-content\/uploads\/2023\/01\/default-meta-image.png","datePublished":"2023-01-19T10:03:00+00:00","dateModified":"2023-01-18T23:05:56+00:00","author":{"@id":"https:\/\/technews.al\/#\/schema\/person\/0d9ed995a903005f5e36e2bb709a98aa"},"breadcrumb":{"@id":"https:\/\/technews.al\/?p=7527#breadcrumb"},"inLanguage":"en-US","potentialAction":[{"@type":"ReadAction","target":["https:\/\/technews.al\/?p=7527"]}]},{"@type":"ImageObject","inLanguage":"en-US","@id":"https:\/\/technews.al\/?p=7527#primaryimage","url":"https:\/\/technews.al\/wp-content\/uploads\/2023\/01\/default-meta-image.png","contentUrl":"https:\/\/technews.al\/wp-content\/uploads\/2023\/01\/default-meta-image.png","width":3334,"height":1459},{"@type":"BreadcrumbList","@id":"https:\/\/technews.al\/?p=7527#breadcrumb","itemListElement":[{"@type":"ListItem","position":1,"name":"Home","item":"https:\/\/technews.al\/"},{"@type":"ListItem","position":2,"name":"Adobe refuzon aludimet se p\u00ebrdor fotot p\u00ebr t\u00eb trajnuar artin AI"}]},{"@type":"WebSite","@id":"https:\/\/technews.al\/#website","url":"https:\/\/technews.al\/","name":"Technews.al","description":"","potentialAction":[{"@type":"SearchAction","target":{"@type":"EntryPoint","urlTemplate":"https:\/\/technews.al\/?s={search_term_string}"},"query-input":"required name=search_term_string"}],"inLanguage":"en-US"},{"@type":"Person","@id":"https:\/\/technews.al\/#\/schema\/person\/0d9ed995a903005f5e36e2bb709a98aa","name":"Tech Expert","image":{"@type":"ImageObject","inLanguage":"en-US","@id":"https:\/\/technews.al\/#\/schema\/person\/image\/","url":"https:\/\/technews.al\/wp-content\/uploads\/2023\/11\/Untitled-design-1-96x96.jpg","contentUrl":"https:\/\/technews.al\/wp-content\/uploads\/2023\/11\/Untitled-design-1-96x96.jpg","caption":"Tech Expert"},"url":"https:\/\/technews.al\/?author=4"}]}},"_links":{"self":[{"href":"https:\/\/technews.al\/index.php?rest_route=\/wp\/v2\/posts\/7527"}],"collection":[{"href":"https:\/\/technews.al\/index.php?rest_route=\/wp\/v2\/posts"}],"about":[{"href":"https:\/\/technews.al\/index.php?rest_route=\/wp\/v2\/types\/post"}],"author":[{"embeddable":true,"href":"https:\/\/technews.al\/index.php?rest_route=\/wp\/v2\/users\/4"}],"replies":[{"embeddable":true,"href":"https:\/\/technews.al\/index.php?rest_route=%2Fwp%2Fv2%2Fcomments&post=7527"}],"version-history":[{"count":4,"href":"https:\/\/technews.al\/index.php?rest_route=\/wp\/v2\/posts\/7527\/revisions"}],"predecessor-version":[{"id":7534,"href":"https:\/\/technews.al\/index.php?rest_route=\/wp\/v2\/posts\/7527\/revisions\/7534"}],"wp:featuredmedia":[{"embeddable":true,"href":"https:\/\/technews.al\/index.php?rest_route=\/wp\/v2\/media\/7529"}],"wp:attachment":[{"href":"https:\/\/technews.al\/index.php?rest_route=%2Fwp%2Fv2%2Fmedia&parent=7527"}],"wp:term":[{"taxonomy":"category","embeddable":true,"href":"https:\/\/technews.al\/index.php?rest_route=%2Fwp%2Fv2%2Fcategories&post=7527"},{"taxonomy":"post_tag","embeddable":true,"href":"https:\/\/technews.al\/index.php?rest_route=%2Fwp%2Fv2%2Ftags&post=7527"}],"curies":[{"name":"wp","href":"https:\/\/api.w.org\/{rel}","templated":true}]}}