{"id":7672,"date":"2023-01-23T11:18:00","date_gmt":"2023-01-23T11:18:00","guid":{"rendered":"https:\/\/technews.al\/?p=7672"},"modified":"2023-01-22T22:20:20","modified_gmt":"2023-01-22T22:20:20","slug":"macbook-air-dhe-imac-e-ardhshem-mund-te-vijne-me-cipin-m3-te-madh-3nm","status":"publish","type":"post","link":"https:\/\/technews.al\/?p=7672","title":{"rendered":"MacBook Air dhe iMac e ardhsh\u00ebm mund t\u00eb vijn\u00eb me cipin M3 t\u00eb madh 3nm"},"content":{"rendered":"\t\t<div data-elementor-type=\"wp-post\" data-elementor-id=\"7672\" class=\"elementor elementor-7672\">\n\t\t\t\t\t\t\t\t\t<section class=\"has-el-gap el-gap-default elementor-section elementor-top-section elementor-element elementor-element-6e9c9b1 elementor-section-boxed elementor-section-height-default elementor-section-height-default\" data-id=\"6e9c9b1\" data-element_type=\"section\">\n\t\t\t\t\t\t<div class=\"elementor-container elementor-column-gap-no\">\n\t\t\t\t\t<div class=\"elementor-column elementor-col-100 elementor-top-column elementor-element elementor-element-5ff0801\" data-id=\"5ff0801\" data-element_type=\"column\">\n\t\t\t<div class=\"elementor-widget-wrap elementor-element-populated\">\n\t\t\t\t\t\t\t\t<div class=\"elementor-element elementor-element-fedc049 elementor-widget elementor-widget-text-editor\" data-id=\"fedc049\" data-element_type=\"widget\" data-widget_type=\"text-editor.default\">\n\t\t\t\t<div class=\"elementor-widget-container\">\n\t\t\t<style>\/*! elementor - v3.8.1 - 13-11-2022 *\/\n.elementor-widget-text-editor.elementor-drop-cap-view-stacked .elementor-drop-cap{background-color:#818a91;color:#fff}.elementor-widget-text-editor.elementor-drop-cap-view-framed .elementor-drop-cap{color:#818a91;border:3px solid;background-color:transparent}.elementor-widget-text-editor:not(.elementor-drop-cap-view-default) .elementor-drop-cap{margin-top:8px}.elementor-widget-text-editor:not(.elementor-drop-cap-view-default) .elementor-drop-cap-letter{width:1em;height:1em}.elementor-widget-text-editor .elementor-drop-cap{float:left;text-align:center;line-height:1;font-size:50px}.elementor-widget-text-editor .elementor-drop-cap-letter{display:inline-block}<\/style>\t\t\t\t<p>Sipas Mark Gurman t\u00eb Bloomberg, \u00e7ipi i gjenerat\u00ebs s\u00eb ardhshme M3 i Apple mund t\u00eb arrij\u00eb n\u00eb fund t\u00eb k\u00ebtij viti ose n\u00eb fillim t\u00eb vitit t\u00eb ardhsh\u00ebm.<\/p><p>Apple po punon n\u00eb nj\u00eb MacBook Air dhe iMac me nj\u00eb \u00e7ip M3 t\u00eb nd\u00ebrtuar duke p\u00ebrdorur procesin m\u00eb efikas t\u00eb prodhimit 3 nanomet\u00ebr, sipas nj\u00eb raporti nga Mark Gurman i Bloomberg. Nd\u00ebrsa nuk \u00ebsht\u00eb e qart\u00eb se kur mund t\u00eb lansohen dy pajisjet e p\u00ebrmir\u00ebsuara, Gurman pret q\u00eb \u00e7ipi M3 t\u00eb arrij\u00eb n\u00eb fund t\u00eb k\u00ebtij viti ose n\u00eb fillim t\u00eb vitit t\u00eb ardhsh\u00ebm.<\/p><p>Gurman s\u00eb pari e la t\u00eb kuptohet p\u00ebr k\u00ebt\u00eb n\u00eb qershor t\u00eb vitit t\u00eb kaluar, duke v\u00ebn\u00eb n\u00eb dukje se Apple po punon n\u00eb nj\u00eb MacBook Air 13 in\u00e7 t\u00eb pajisur me M3, MacBook Air 15 in\u00e7 dhe nj\u00eb iMac t\u00eb ri. N\u00eb at\u00eb koh\u00eb, ai shtoi se \u00e7ipi M3 mund t\u00eb shfaqet q\u00eb n\u00eb fillim t\u00eb k\u00ebtij viti, por kjo nuk ka ndodhur ende.<\/p><p>N\u00eb vend t\u00eb k\u00ebsaj, Apple p\u00ebrfshiu \u00e7ipat e rinj M2 Pro dhe M2 Max me linj\u00ebn e MacBook Pro t\u00eb njoftuar n\u00eb fillim t\u00eb k\u00ebtij muaji, dhe gjithashtu shtoi nj\u00eb \u00e7ip M2 Pro n\u00eb Mac Mini. K\u00ebto \u00e7ipa bazohen n\u00eb nj\u00eb proces t\u00eb gjenerat\u00ebs s\u00eb dyt\u00eb 5nm, i cili \u00ebsht\u00eb ende nj\u00eb p\u00ebrmir\u00ebsim nga procesi standard 5nm q\u00eb Apple p\u00ebrdor p\u00ebr t\u00eb fabrikuar \u00e7ipat e tij M1.<\/p><p>\u00c7ipi i ardhsh\u00ebm M3, megjithat\u00eb, pritet t&#8217;i \u00e7oj\u00eb gj\u00ebrat nj\u00eb hap m\u00eb tej. Sipas Taiwan Semiconductor Manufacturing Company (TSMC), kompania q\u00eb prodhon \u00e7ipat e Apple, procesi 3nm mund t\u00eb p\u00ebrmir\u00ebsoj\u00eb shpejt\u00ebsin\u00eb deri n\u00eb 15 p\u00ebr qind dhe t\u00eb zvog\u00ebloj\u00eb konsumin e energjis\u00eb me 30 p\u00ebr qind kur krahasohet me procesin 5 nm. TSMC filloi prodhimin masiv t\u00eb \u00e7ipave 3 nm n\u00eb objektet e saj me baz\u00eb n\u00eb Tajvan vitin e kaluar, por kjo teknologji nuk \u00ebsht\u00eb vendosur t\u00eb arrij\u00eb n\u00eb fabrik\u00ebn e re t\u00eb prodhuesit n\u00eb Arizona deri n\u00eb vitin 2026.<\/p><p>MacBook Air dhe iMac nuk jan\u00eb pajisjet e vetme q\u00eb s\u00eb shpejti mund t\u00eb marrin nj\u00eb p\u00ebrmir\u00ebsim M3. N\u00eb t\u00eb nj\u00ebjt\u00ebn dit\u00eb q\u00eb Apple prezantoi MacBook Pro t\u00eb rinj, analisti i Apple Ming-Chi Kuo tha se Apple mund t\u00eb lan\u00e7oj\u00eb nj\u00eb raund tjet\u00ebr modelesh MacBook Pro me procesor\u00eb t\u00eb rinj 3nm M3 Pro dhe M3 Max n\u00eb gjysm\u00ebn e par\u00eb t\u00eb 2024. Do t\u00eb duhet t\u00eb presim pak m\u00eb gjat\u00eb p\u00ebr t\u00eb par\u00eb n\u00ebse ky thashetheme del jasht\u00eb, s\u00eb bashku me parashikimin e Gurman se Apple mund t\u00eb l\u00ebshoj\u00eb nj\u00eb Mac me ekran me prekje n\u00eb 2025.<\/p>\t\t\t\t\t\t<\/div>\n\t\t\t\t<\/div>\n\t\t\t\t\t<\/div>\n\t\t<\/div>\n\t\t\t\t\t\t\t<\/div>\n\t\t<\/section>\n\t\t\t\t\t\t\t<\/div>\n\t\t","protected":false},"excerpt":{"rendered":"<p>Sipas Mark Gurman t\u00eb Bloomberg, \u00e7ipi i gjenerat\u00ebs s\u00eb ardhshme M3 i Apple mund t\u00eb arrij\u00eb n\u00eb fund t\u00eb k\u00ebtij viti ose n\u00eb fillim t\u00eb vitit t\u00eb ardhsh\u00ebm. Apple po punon n\u00eb nj\u00eb MacBook Air dhe iMac me nj\u00eb \u00e7ip M3 t\u00eb nd\u00ebrtuar duke p\u00ebrdorur procesin m\u00eb efikas t\u00eb prodhimit 3 nanomet\u00ebr, sipas nj\u00eb raporti<\/p>\n","protected":false},"author":4,"featured_media":7365,"comment_status":"open","ping_status":"open","sticky":false,"template":"","format":"standard","meta":{"footnotes":""},"categories":[38],"tags":[],"class_list":{"0":"post-7672","1":"post","2":"type-post","3":"status-publish","4":"format-standard","5":"has-post-thumbnail","7":"category-tech"},"yoast_head":"<!-- This site is optimized with the Yoast SEO plugin v22.4 - https:\/\/yoast.com\/wordpress\/plugins\/seo\/ -->\n<title>MacBook Air dhe iMac e ardhsh\u00ebm mund t\u00eb vijn\u00eb me cipin M3 t\u00eb madh 3nm - Technews.al<\/title>\n<meta name=\"robots\" content=\"index, follow, max-snippet:-1, max-image-preview:large, max-video-preview:-1\" \/>\n<link rel=\"canonical\" href=\"https:\/\/technews.al\/?p=7672\" \/>\n<meta property=\"og:locale\" content=\"en_US\" \/>\n<meta property=\"og:type\" content=\"article\" \/>\n<meta property=\"og:title\" content=\"MacBook Air dhe iMac e ardhsh\u00ebm mund t\u00eb vijn\u00eb me cipin M3 t\u00eb madh 3nm - Technews.al\" \/>\n<meta property=\"og:description\" content=\"Sipas Mark Gurman t\u00eb Bloomberg, \u00e7ipi i gjenerat\u00ebs s\u00eb ardhshme M3 i Apple mund t\u00eb arrij\u00eb n\u00eb fund t\u00eb k\u00ebtij viti ose n\u00eb fillim t\u00eb vitit t\u00eb ardhsh\u00ebm. Apple po punon n\u00eb nj\u00eb MacBook Air dhe iMac me nj\u00eb \u00e7ip M3 t\u00eb nd\u00ebrtuar duke p\u00ebrdorur procesin m\u00eb efikas t\u00eb prodhimit 3 nanomet\u00ebr, sipas nj\u00eb raporti\" \/>\n<meta property=\"og:url\" content=\"https:\/\/technews.al\/?p=7672\" \/>\n<meta property=\"og:site_name\" content=\"Technews.al\" \/>\n<meta property=\"article:published_time\" content=\"2023-01-23T11:18:00+00:00\" \/>\n<meta property=\"article:modified_time\" content=\"2023-01-22T22:20:20+00:00\" \/>\n<meta property=\"og:image\" content=\"https:\/\/technews.al\/wp-content\/uploads\/2023\/01\/macbook-pro-14-and-16_overview__fz0lron5xyuu_og-1.png\" \/>\n\t<meta property=\"og:image:width\" content=\"1200\" \/>\n\t<meta property=\"og:image:height\" content=\"630\" \/>\n\t<meta property=\"og:image:type\" content=\"image\/png\" \/>\n<meta name=\"author\" content=\"Tech Expert\" \/>\n<meta name=\"twitter:card\" content=\"summary_large_image\" \/>\n<meta name=\"twitter:label1\" content=\"Written by\" \/>\n\t<meta name=\"twitter:data1\" content=\"Tech Expert\" \/>\n\t<meta name=\"twitter:label2\" content=\"Est. reading time\" \/>\n\t<meta name=\"twitter:data2\" content=\"2 minutes\" \/>\n<script type=\"application\/ld+json\" class=\"yoast-schema-graph\">{\"@context\":\"https:\/\/schema.org\",\"@graph\":[{\"@type\":\"WebPage\",\"@id\":\"https:\/\/technews.al\/?p=7672\",\"url\":\"https:\/\/technews.al\/?p=7672\",\"name\":\"MacBook Air dhe iMac e ardhsh\u00ebm mund t\u00eb vijn\u00eb me cipin M3 t\u00eb madh 3nm - Technews.al\",\"isPartOf\":{\"@id\":\"https:\/\/technews.al\/#website\"},\"primaryImageOfPage\":{\"@id\":\"https:\/\/technews.al\/?p=7672#primaryimage\"},\"image\":{\"@id\":\"https:\/\/technews.al\/?p=7672#primaryimage\"},\"thumbnailUrl\":\"https:\/\/technews.al\/wp-content\/uploads\/2023\/01\/macbook-pro-14-and-16_overview__fz0lron5xyuu_og-1.png\",\"datePublished\":\"2023-01-23T11:18:00+00:00\",\"dateModified\":\"2023-01-22T22:20:20+00:00\",\"author\":{\"@id\":\"https:\/\/technews.al\/#\/schema\/person\/0d9ed995a903005f5e36e2bb709a98aa\"},\"breadcrumb\":{\"@id\":\"https:\/\/technews.al\/?p=7672#breadcrumb\"},\"inLanguage\":\"en-US\",\"potentialAction\":[{\"@type\":\"ReadAction\",\"target\":[\"https:\/\/technews.al\/?p=7672\"]}]},{\"@type\":\"ImageObject\",\"inLanguage\":\"en-US\",\"@id\":\"https:\/\/technews.al\/?p=7672#primaryimage\",\"url\":\"https:\/\/technews.al\/wp-content\/uploads\/2023\/01\/macbook-pro-14-and-16_overview__fz0lron5xyuu_og-1.png\",\"contentUrl\":\"https:\/\/technews.al\/wp-content\/uploads\/2023\/01\/macbook-pro-14-and-16_overview__fz0lron5xyuu_og-1.png\",\"width\":1200,\"height\":630},{\"@type\":\"BreadcrumbList\",\"@id\":\"https:\/\/technews.al\/?p=7672#breadcrumb\",\"itemListElement\":[{\"@type\":\"ListItem\",\"position\":1,\"name\":\"Home\",\"item\":\"https:\/\/technews.al\/\"},{\"@type\":\"ListItem\",\"position\":2,\"name\":\"MacBook Air dhe iMac e ardhsh\u00ebm mund t\u00eb vijn\u00eb me cipin M3 t\u00eb madh 3nm\"}]},{\"@type\":\"WebSite\",\"@id\":\"https:\/\/technews.al\/#website\",\"url\":\"https:\/\/technews.al\/\",\"name\":\"Technews.al\",\"description\":\"\",\"potentialAction\":[{\"@type\":\"SearchAction\",\"target\":{\"@type\":\"EntryPoint\",\"urlTemplate\":\"https:\/\/technews.al\/?s={search_term_string}\"},\"query-input\":\"required name=search_term_string\"}],\"inLanguage\":\"en-US\"},{\"@type\":\"Person\",\"@id\":\"https:\/\/technews.al\/#\/schema\/person\/0d9ed995a903005f5e36e2bb709a98aa\",\"name\":\"Tech Expert\",\"image\":{\"@type\":\"ImageObject\",\"inLanguage\":\"en-US\",\"@id\":\"https:\/\/technews.al\/#\/schema\/person\/image\/\",\"url\":\"https:\/\/technews.al\/wp-content\/uploads\/2023\/11\/Untitled-design-1-96x96.jpg\",\"contentUrl\":\"https:\/\/technews.al\/wp-content\/uploads\/2023\/11\/Untitled-design-1-96x96.jpg\",\"caption\":\"Tech Expert\"},\"url\":\"https:\/\/technews.al\/?author=4\"}]}<\/script>\n<!-- \/ Yoast SEO plugin. -->","yoast_head_json":{"title":"MacBook Air dhe iMac e ardhsh\u00ebm mund t\u00eb vijn\u00eb me cipin M3 t\u00eb madh 3nm - Technews.al","robots":{"index":"index","follow":"follow","max-snippet":"max-snippet:-1","max-image-preview":"max-image-preview:large","max-video-preview":"max-video-preview:-1"},"canonical":"https:\/\/technews.al\/?p=7672","og_locale":"en_US","og_type":"article","og_title":"MacBook Air dhe iMac e ardhsh\u00ebm mund t\u00eb vijn\u00eb me cipin M3 t\u00eb madh 3nm - Technews.al","og_description":"Sipas Mark Gurman t\u00eb Bloomberg, \u00e7ipi i gjenerat\u00ebs s\u00eb ardhshme M3 i Apple mund t\u00eb arrij\u00eb n\u00eb fund t\u00eb k\u00ebtij viti ose n\u00eb fillim t\u00eb vitit t\u00eb ardhsh\u00ebm. Apple po punon n\u00eb nj\u00eb MacBook Air dhe iMac me nj\u00eb \u00e7ip M3 t\u00eb nd\u00ebrtuar duke p\u00ebrdorur procesin m\u00eb efikas t\u00eb prodhimit 3 nanomet\u00ebr, sipas nj\u00eb raporti","og_url":"https:\/\/technews.al\/?p=7672","og_site_name":"Technews.al","article_published_time":"2023-01-23T11:18:00+00:00","article_modified_time":"2023-01-22T22:20:20+00:00","og_image":[{"width":1200,"height":630,"url":"https:\/\/technews.al\/wp-content\/uploads\/2023\/01\/macbook-pro-14-and-16_overview__fz0lron5xyuu_og-1.png","type":"image\/png"}],"author":"Tech Expert","twitter_card":"summary_large_image","twitter_misc":{"Written by":"Tech Expert","Est. reading time":"2 minutes"},"schema":{"@context":"https:\/\/schema.org","@graph":[{"@type":"WebPage","@id":"https:\/\/technews.al\/?p=7672","url":"https:\/\/technews.al\/?p=7672","name":"MacBook Air dhe iMac e ardhsh\u00ebm mund t\u00eb vijn\u00eb me cipin M3 t\u00eb madh 3nm - Technews.al","isPartOf":{"@id":"https:\/\/technews.al\/#website"},"primaryImageOfPage":{"@id":"https:\/\/technews.al\/?p=7672#primaryimage"},"image":{"@id":"https:\/\/technews.al\/?p=7672#primaryimage"},"thumbnailUrl":"https:\/\/technews.al\/wp-content\/uploads\/2023\/01\/macbook-pro-14-and-16_overview__fz0lron5xyuu_og-1.png","datePublished":"2023-01-23T11:18:00+00:00","dateModified":"2023-01-22T22:20:20+00:00","author":{"@id":"https:\/\/technews.al\/#\/schema\/person\/0d9ed995a903005f5e36e2bb709a98aa"},"breadcrumb":{"@id":"https:\/\/technews.al\/?p=7672#breadcrumb"},"inLanguage":"en-US","potentialAction":[{"@type":"ReadAction","target":["https:\/\/technews.al\/?p=7672"]}]},{"@type":"ImageObject","inLanguage":"en-US","@id":"https:\/\/technews.al\/?p=7672#primaryimage","url":"https:\/\/technews.al\/wp-content\/uploads\/2023\/01\/macbook-pro-14-and-16_overview__fz0lron5xyuu_og-1.png","contentUrl":"https:\/\/technews.al\/wp-content\/uploads\/2023\/01\/macbook-pro-14-and-16_overview__fz0lron5xyuu_og-1.png","width":1200,"height":630},{"@type":"BreadcrumbList","@id":"https:\/\/technews.al\/?p=7672#breadcrumb","itemListElement":[{"@type":"ListItem","position":1,"name":"Home","item":"https:\/\/technews.al\/"},{"@type":"ListItem","position":2,"name":"MacBook Air dhe iMac e ardhsh\u00ebm mund t\u00eb vijn\u00eb me cipin M3 t\u00eb madh 3nm"}]},{"@type":"WebSite","@id":"https:\/\/technews.al\/#website","url":"https:\/\/technews.al\/","name":"Technews.al","description":"","potentialAction":[{"@type":"SearchAction","target":{"@type":"EntryPoint","urlTemplate":"https:\/\/technews.al\/?s={search_term_string}"},"query-input":"required name=search_term_string"}],"inLanguage":"en-US"},{"@type":"Person","@id":"https:\/\/technews.al\/#\/schema\/person\/0d9ed995a903005f5e36e2bb709a98aa","name":"Tech Expert","image":{"@type":"ImageObject","inLanguage":"en-US","@id":"https:\/\/technews.al\/#\/schema\/person\/image\/","url":"https:\/\/technews.al\/wp-content\/uploads\/2023\/11\/Untitled-design-1-96x96.jpg","contentUrl":"https:\/\/technews.al\/wp-content\/uploads\/2023\/11\/Untitled-design-1-96x96.jpg","caption":"Tech Expert"},"url":"https:\/\/technews.al\/?author=4"}]}},"_links":{"self":[{"href":"https:\/\/technews.al\/index.php?rest_route=\/wp\/v2\/posts\/7672"}],"collection":[{"href":"https:\/\/technews.al\/index.php?rest_route=\/wp\/v2\/posts"}],"about":[{"href":"https:\/\/technews.al\/index.php?rest_route=\/wp\/v2\/types\/post"}],"author":[{"embeddable":true,"href":"https:\/\/technews.al\/index.php?rest_route=\/wp\/v2\/users\/4"}],"replies":[{"embeddable":true,"href":"https:\/\/technews.al\/index.php?rest_route=%2Fwp%2Fv2%2Fcomments&post=7672"}],"version-history":[{"count":4,"href":"https:\/\/technews.al\/index.php?rest_route=\/wp\/v2\/posts\/7672\/revisions"}],"predecessor-version":[{"id":7677,"href":"https:\/\/technews.al\/index.php?rest_route=\/wp\/v2\/posts\/7672\/revisions\/7677"}],"wp:featuredmedia":[{"embeddable":true,"href":"https:\/\/technews.al\/index.php?rest_route=\/wp\/v2\/media\/7365"}],"wp:attachment":[{"href":"https:\/\/technews.al\/index.php?rest_route=%2Fwp%2Fv2%2Fmedia&parent=7672"}],"wp:term":[{"taxonomy":"category","embeddable":true,"href":"https:\/\/technews.al\/index.php?rest_route=%2Fwp%2Fv2%2Fcategories&post=7672"},{"taxonomy":"post_tag","embeddable":true,"href":"https:\/\/technews.al\/index.php?rest_route=%2Fwp%2Fv2%2Ftags&post=7672"}],"curies":[{"name":"wp","href":"https:\/\/api.w.org\/{rel}","templated":true}]}}