{"id":7736,"date":"2023-01-24T11:16:00","date_gmt":"2023-01-24T11:16:00","guid":{"rendered":"https:\/\/technews.al\/?p=7736"},"modified":"2023-01-23T22:27:48","modified_gmt":"2023-01-23T22:27:48","slug":"headseti-vr-reality-pro-i-apple-duket-si-nje-pajisje-monstruoze","status":"publish","type":"post","link":"https:\/\/technews.al\/?p=7736","title":{"rendered":"Headseti VR &#8216;Reality Pro&#8217; i Apple duket si nj\u00eb pajisje monstruoze"},"content":{"rendered":"\t\t<div data-elementor-type=\"wp-post\" data-elementor-id=\"7736\" class=\"elementor elementor-7736\">\n\t\t\t\t\t\t\t\t\t<section class=\"has-el-gap el-gap-default elementor-section elementor-top-section elementor-element elementor-element-f56c096 elementor-section-boxed elementor-section-height-default elementor-section-height-default\" data-id=\"f56c096\" data-element_type=\"section\">\n\t\t\t\t\t\t<div class=\"elementor-container elementor-column-gap-no\">\n\t\t\t\t\t<div class=\"elementor-column elementor-col-100 elementor-top-column elementor-element elementor-element-4ec9bb1\" data-id=\"4ec9bb1\" data-element_type=\"column\">\n\t\t\t<div class=\"elementor-widget-wrap elementor-element-populated\">\n\t\t\t\t\t\t\t\t<div class=\"elementor-element elementor-element-2893299 elementor-widget elementor-widget-text-editor\" data-id=\"2893299\" data-element_type=\"widget\" data-widget_type=\"text-editor.default\">\n\t\t\t\t<div class=\"elementor-widget-container\">\n\t\t\t<style>\/*! elementor - v3.8.1 - 13-11-2022 *\/\n.elementor-widget-text-editor.elementor-drop-cap-view-stacked .elementor-drop-cap{background-color:#818a91;color:#fff}.elementor-widget-text-editor.elementor-drop-cap-view-framed .elementor-drop-cap{color:#818a91;border:3px solid;background-color:transparent}.elementor-widget-text-editor:not(.elementor-drop-cap-view-default) .elementor-drop-cap{margin-top:8px}.elementor-widget-text-editor:not(.elementor-drop-cap-view-default) .elementor-drop-cap-letter{width:1em;height:1em}.elementor-widget-text-editor .elementor-drop-cap{float:left;text-align:center;line-height:1;font-size:50px}.elementor-widget-text-editor .elementor-drop-cap-letter{display:inline-block}<\/style>\t\t\t\t<p>Bloomberg raporton se kufjet e Apple do t\u00eb lansohen k\u00ebt\u00eb pranver\u00eb me kontrolle q\u00eb mund t&#8217;i p\u00ebrdorni pa nj\u00eb kontrollues dore, ekrane filmash t\u00eb vendosur n\u00eb hap\u00ebsir\u00eb, pasqyrim t\u00eb ekranit nga Mac-i juaj dhe sesione FaceTime VR 1-n\u00eb-1 t\u00eb shfaqura n\u00eb t\u00eb gjith\u00eb trupin.<\/p><p>Kufjet VR \/ AR t\u00eb p\u00ebrfolura prej koh\u00ebsh t\u00eb Apple mund t\u00eb jen\u00eb t\u00eb mbushura me teknologji ambicioze, duke p\u00ebrfshir\u00eb gjurmimin e avancuar t\u00eb dor\u00ebs, aft\u00ebsin\u00eb p\u00ebr t\u00eb par\u00eb ekranin e Mac-it tuaj dhe madje edhe rikrijimin e versioneve dixhitale t\u00eb p\u00ebrdoruesve n\u00eb bisedat nj\u00eb-n\u00eb-nj\u00eb n\u00eb FaceTime, sipas nj\u00eb raporti t\u00eb ri t\u00eb gjer\u00eb. nga Mark Gurman i Bloomberg.<\/p><p>Pjesa m\u00eb e madhe e teknologjive t\u00eb avancuara do t\u00eb mund\u00ebsohen nga &#8220;disa&#8221; kamera t\u00eb jashtme q\u00eb mund t\u00eb gjurmojn\u00eb duart tuaja, si dhe &#8220;sensor\u00eb brenda sht\u00ebpis\u00eb s\u00eb pajisjes&#8221; q\u00eb mund t\u00eb p\u00ebrdoren p\u00ebr t\u00eb lexuar syt\u00eb tuaj, raporton Gurman. Me sa duket do t\u00eb jeni n\u00eb gjendje t\u00eb shikoni di\u00e7ka n\u00eb ekran p\u00ebr ta zgjedhur dhe m\u00eb pas t\u00eb lidhni gishtat s\u00eb bashku p\u00ebr ta aktivizuar, q\u00eb do t\u00eb thot\u00eb se kufjet nuk do t\u00eb k\u00ebrkojn\u00eb kontrollues t\u00eb jasht\u00ebm, si Quest Pro i nivelit t\u00eb lart\u00eb t\u00eb Meta dhe PlayStation VR2 i ardhsh\u00ebm i Sony. Gurman thot\u00eb se kufjet do t&#8217;i lejojn\u00eb p\u00ebrdoruesit t\u00eb kalojn\u00eb midis VR dhe AR duke shtremb\u00ebruar nj\u00eb kuror\u00eb dixhitale, di\u00e7ka q\u00eb u raportua gjithashtu nga The Information n\u00eb fillim t\u00eb k\u00ebtij muaji.<\/p><p>Ashtu si Quest Pro, kufjet e Apple me sa duket do t\u00eb ken\u00eb nj\u00eb fokus t\u00eb madh n\u00eb bashk\u00ebpunimin midis p\u00ebrdoruesve t\u00eb tjer\u00eb t\u00eb kufjeve. Sipas Gurman, n\u00eb telefonatat nj\u00eb-n\u00eb-nj\u00eb n\u00eb FaceTime mes dy personave, secili me nj\u00eb kufje, pajisja do t\u00eb jet\u00eb n\u00eb gjendje t\u00eb &#8220;realizoj\u00eb fytyr\u00ebn dhe trupin e plot\u00eb t\u00eb nj\u00eb p\u00ebrdoruesi n\u00eb realitet virtual&#8221;. Kjo do t\u00eb jet\u00eb nj\u00eb arritje e jasht\u00ebzakonshme n\u00ebse p\u00ebrfshihet n\u00eb t\u00eb v\u00ebrtet\u00eb \u2013 tani p\u00ebr tani, shum\u00eb hap\u00ebsira takimesh virtuale mb\u00ebshteten n\u00eb avatar\u00ebt e filmave vizatimor\u00eb. Kompania po zhvillon gjithashtu nj\u00eb m\u00ebnyr\u00eb gjith\u00ebp\u00ebrfshir\u00ebse p\u00ebr t\u00eb par\u00eb video n\u00eb nj\u00eb ekran t\u00eb madh nd\u00ebrsa jeni duke mbajtur kufjet, thot\u00eb Gurman, megjith\u00ebse do t&#8217;ju duhen AirPods p\u00ebr t\u00eb d\u00ebgjuar audio hap\u00ebsinore. Dhe do t\u00eb mund t\u00eb p\u00ebrdorni kufjet p\u00ebr t\u00eb par\u00eb ekranin e Mac-it tuaj n\u00eb VR, por gjithsesi ta kontrolloni at\u00eb me miun dhe tastier\u00ebn.<\/p><p>Gurman raporton se bateria e kufjeve do t\u00eb shkarkohet n\u00eb nj\u00eb paket\u00eb t\u00eb jashtme q\u00eb synohet t\u00eb vendoset n\u00eb xhepin tuaj dhe t\u00eb lidhet me pajisjen me nj\u00eb kabllo, e cila do t\u00eb ishte e ngjashme me Magic Leap. Paketa, t\u00eb cil\u00ebn Gurman e p\u00ebrshkruan si &#8220;p\u00ebraf\u00ebrsisht n\u00eb madh\u00ebsin\u00eb e dy iPhone 14 Pro Maxes t\u00eb vendosura mbi nj\u00ebri-tjetrin&#8221;, me sa duket do t&#8217;i jap\u00eb kufjeve dy or\u00eb l\u00ebng, megjith\u00ebse ai raporton se Apple ka disa prototipe t\u00eb brendshme me nj\u00eb bateri t\u00eb integruar. .<\/p><p>Gurman thot\u00eb se kufjet ka t\u00eb ngjar\u00eb t\u00eb quhen &#8220;Reality Pro&#8221; (kompania ka paraqitur marka tregtare p\u00ebr emrin) dhe do t\u00eb kushtoj\u00eb &#8220;af\u00ebrsisht&#8221; 3,000 dollar\u00eb, gj\u00eb q\u00eb do t\u00eb dyfishonte \u00e7mimin e Quest Pro. Pavar\u00ebsisht atij \u00e7mimi t\u00eb lart\u00eb, Apple me sa duket pret t\u00eb shes\u00eb vet\u00ebm rreth 1 milion kufje n\u00eb vitin e par\u00eb t\u00eb saj, raporton Gurman, q\u00eb ndoshta \u00ebsht\u00eb nj\u00eb pranim se kjo pajisje fillestare do t\u00eb jet\u00eb e paarritshme p\u00ebr shum\u00eb klient\u00eb. Kompania po zhvillon nj\u00eb kufje m\u00eb t\u00eb lir\u00eb, raportoi Gurman jav\u00ebn e kaluar, por edhe kjo mund t\u00eb kushtoj\u00eb ende mjaft; pajisja m\u00eb e p\u00ebrballueshme mund t\u00eb ket\u00eb nj\u00eb \u00e7mim af\u00ebr 1500 dollar\u00ebve.<\/p>\t\t\t\t\t\t<\/div>\n\t\t\t\t<\/div>\n\t\t\t\t\t<\/div>\n\t\t<\/div>\n\t\t\t\t\t\t\t<\/div>\n\t\t<\/section>\n\t\t\t\t\t\t\t<\/div>\n\t\t","protected":false},"excerpt":{"rendered":"<p>Bloomberg raporton se kufjet e Apple do t\u00eb lansohen k\u00ebt\u00eb pranver\u00eb me kontrolle q\u00eb mund t&#8217;i p\u00ebrdorni pa nj\u00eb kontrollues dore, ekrane filmash t\u00eb vendosur n\u00eb hap\u00ebsir\u00eb, pasqyrim t\u00eb ekranit nga Mac-i juaj dhe sesione FaceTime VR 1-n\u00eb-1 t\u00eb shfaqura n\u00eb t\u00eb gjith\u00eb trupin. Kufjet VR \/ AR t\u00eb p\u00ebrfolura prej koh\u00ebsh t\u00eb Apple mund<\/p>\n","protected":false},"author":4,"featured_media":2627,"comment_status":"open","ping_status":"open","sticky":false,"template":"","format":"standard","meta":{"footnotes":""},"categories":[38],"tags":[],"class_list":{"0":"post-7736","1":"post","2":"type-post","3":"status-publish","4":"format-standard","5":"has-post-thumbnail","7":"category-tech"},"yoast_head":"<!-- This site is optimized with the Yoast SEO plugin v22.4 - https:\/\/yoast.com\/wordpress\/plugins\/seo\/ -->\n<title>Headseti VR &#039;Reality Pro&#039; i Apple duket si nj\u00eb pajisje monstruoze - Technews.al<\/title>\n<meta name=\"robots\" content=\"index, follow, max-snippet:-1, max-image-preview:large, max-video-preview:-1\" \/>\n<link rel=\"canonical\" href=\"https:\/\/technews.al\/?p=7736\" \/>\n<meta property=\"og:locale\" content=\"en_US\" \/>\n<meta property=\"og:type\" content=\"article\" \/>\n<meta property=\"og:title\" content=\"Headseti VR &#039;Reality Pro&#039; i Apple duket si nj\u00eb pajisje monstruoze - Technews.al\" \/>\n<meta property=\"og:description\" content=\"Bloomberg raporton se kufjet e Apple do t\u00eb lansohen k\u00ebt\u00eb pranver\u00eb me kontrolle q\u00eb mund t&#8217;i p\u00ebrdorni pa nj\u00eb kontrollues dore, ekrane filmash t\u00eb vendosur n\u00eb hap\u00ebsir\u00eb, pasqyrim t\u00eb ekranit nga Mac-i juaj dhe sesione FaceTime VR 1-n\u00eb-1 t\u00eb shfaqura n\u00eb t\u00eb gjith\u00eb trupin. Kufjet VR \/ AR t\u00eb p\u00ebrfolura prej koh\u00ebsh t\u00eb Apple mund\" \/>\n<meta property=\"og:url\" content=\"https:\/\/technews.al\/?p=7736\" \/>\n<meta property=\"og:site_name\" content=\"Technews.al\" \/>\n<meta property=\"article:published_time\" content=\"2023-01-24T11:16:00+00:00\" \/>\n<meta property=\"article:modified_time\" content=\"2023-01-23T22:27:48+00:00\" \/>\n<meta property=\"og:image\" content=\"https:\/\/technews.al\/wp-content\/uploads\/2022\/11\/112922962_apple.jpg\" \/>\n\t<meta property=\"og:image:width\" content=\"976\" \/>\n\t<meta property=\"og:image:height\" content=\"549\" \/>\n\t<meta property=\"og:image:type\" content=\"image\/jpeg\" \/>\n<meta name=\"author\" content=\"Tech Expert\" \/>\n<meta name=\"twitter:card\" content=\"summary_large_image\" \/>\n<meta name=\"twitter:label1\" content=\"Written by\" \/>\n\t<meta name=\"twitter:data1\" content=\"Tech Expert\" \/>\n\t<meta name=\"twitter:label2\" content=\"Est. reading time\" \/>\n\t<meta name=\"twitter:data2\" content=\"3 minutes\" \/>\n<script type=\"application\/ld+json\" class=\"yoast-schema-graph\">{\"@context\":\"https:\/\/schema.org\",\"@graph\":[{\"@type\":\"WebPage\",\"@id\":\"https:\/\/technews.al\/?p=7736\",\"url\":\"https:\/\/technews.al\/?p=7736\",\"name\":\"Headseti VR 'Reality Pro' i Apple duket si nj\u00eb pajisje monstruoze - Technews.al\",\"isPartOf\":{\"@id\":\"https:\/\/technews.al\/#website\"},\"primaryImageOfPage\":{\"@id\":\"https:\/\/technews.al\/?p=7736#primaryimage\"},\"image\":{\"@id\":\"https:\/\/technews.al\/?p=7736#primaryimage\"},\"thumbnailUrl\":\"https:\/\/technews.al\/wp-content\/uploads\/2022\/11\/112922962_apple.jpg\",\"datePublished\":\"2023-01-24T11:16:00+00:00\",\"dateModified\":\"2023-01-23T22:27:48+00:00\",\"author\":{\"@id\":\"https:\/\/technews.al\/#\/schema\/person\/0d9ed995a903005f5e36e2bb709a98aa\"},\"breadcrumb\":{\"@id\":\"https:\/\/technews.al\/?p=7736#breadcrumb\"},\"inLanguage\":\"en-US\",\"potentialAction\":[{\"@type\":\"ReadAction\",\"target\":[\"https:\/\/technews.al\/?p=7736\"]}]},{\"@type\":\"ImageObject\",\"inLanguage\":\"en-US\",\"@id\":\"https:\/\/technews.al\/?p=7736#primaryimage\",\"url\":\"https:\/\/technews.al\/wp-content\/uploads\/2022\/11\/112922962_apple.jpg\",\"contentUrl\":\"https:\/\/technews.al\/wp-content\/uploads\/2022\/11\/112922962_apple.jpg\",\"width\":976,\"height\":549},{\"@type\":\"BreadcrumbList\",\"@id\":\"https:\/\/technews.al\/?p=7736#breadcrumb\",\"itemListElement\":[{\"@type\":\"ListItem\",\"position\":1,\"name\":\"Home\",\"item\":\"https:\/\/technews.al\/\"},{\"@type\":\"ListItem\",\"position\":2,\"name\":\"Headseti VR &#8216;Reality Pro&#8217; i Apple duket si nj\u00eb pajisje monstruoze\"}]},{\"@type\":\"WebSite\",\"@id\":\"https:\/\/technews.al\/#website\",\"url\":\"https:\/\/technews.al\/\",\"name\":\"Technews.al\",\"description\":\"\",\"potentialAction\":[{\"@type\":\"SearchAction\",\"target\":{\"@type\":\"EntryPoint\",\"urlTemplate\":\"https:\/\/technews.al\/?s={search_term_string}\"},\"query-input\":\"required name=search_term_string\"}],\"inLanguage\":\"en-US\"},{\"@type\":\"Person\",\"@id\":\"https:\/\/technews.al\/#\/schema\/person\/0d9ed995a903005f5e36e2bb709a98aa\",\"name\":\"Tech Expert\",\"image\":{\"@type\":\"ImageObject\",\"inLanguage\":\"en-US\",\"@id\":\"https:\/\/technews.al\/#\/schema\/person\/image\/\",\"url\":\"https:\/\/technews.al\/wp-content\/uploads\/2023\/11\/Untitled-design-1-96x96.jpg\",\"contentUrl\":\"https:\/\/technews.al\/wp-content\/uploads\/2023\/11\/Untitled-design-1-96x96.jpg\",\"caption\":\"Tech Expert\"},\"url\":\"https:\/\/technews.al\/?author=4\"}]}<\/script>\n<!-- \/ Yoast SEO plugin. -->","yoast_head_json":{"title":"Headseti VR 'Reality Pro' i Apple duket si nj\u00eb pajisje monstruoze - Technews.al","robots":{"index":"index","follow":"follow","max-snippet":"max-snippet:-1","max-image-preview":"max-image-preview:large","max-video-preview":"max-video-preview:-1"},"canonical":"https:\/\/technews.al\/?p=7736","og_locale":"en_US","og_type":"article","og_title":"Headseti VR 'Reality Pro' i Apple duket si nj\u00eb pajisje monstruoze - Technews.al","og_description":"Bloomberg raporton se kufjet e Apple do t\u00eb lansohen k\u00ebt\u00eb pranver\u00eb me kontrolle q\u00eb mund t&#8217;i p\u00ebrdorni pa nj\u00eb kontrollues dore, ekrane filmash t\u00eb vendosur n\u00eb hap\u00ebsir\u00eb, pasqyrim t\u00eb ekranit nga Mac-i juaj dhe sesione FaceTime VR 1-n\u00eb-1 t\u00eb shfaqura n\u00eb t\u00eb gjith\u00eb trupin. Kufjet VR \/ AR t\u00eb p\u00ebrfolura prej koh\u00ebsh t\u00eb Apple mund","og_url":"https:\/\/technews.al\/?p=7736","og_site_name":"Technews.al","article_published_time":"2023-01-24T11:16:00+00:00","article_modified_time":"2023-01-23T22:27:48+00:00","og_image":[{"width":976,"height":549,"url":"https:\/\/technews.al\/wp-content\/uploads\/2022\/11\/112922962_apple.jpg","type":"image\/jpeg"}],"author":"Tech Expert","twitter_card":"summary_large_image","twitter_misc":{"Written by":"Tech Expert","Est. reading time":"3 minutes"},"schema":{"@context":"https:\/\/schema.org","@graph":[{"@type":"WebPage","@id":"https:\/\/technews.al\/?p=7736","url":"https:\/\/technews.al\/?p=7736","name":"Headseti VR 'Reality Pro' i Apple duket si nj\u00eb pajisje monstruoze - Technews.al","isPartOf":{"@id":"https:\/\/technews.al\/#website"},"primaryImageOfPage":{"@id":"https:\/\/technews.al\/?p=7736#primaryimage"},"image":{"@id":"https:\/\/technews.al\/?p=7736#primaryimage"},"thumbnailUrl":"https:\/\/technews.al\/wp-content\/uploads\/2022\/11\/112922962_apple.jpg","datePublished":"2023-01-24T11:16:00+00:00","dateModified":"2023-01-23T22:27:48+00:00","author":{"@id":"https:\/\/technews.al\/#\/schema\/person\/0d9ed995a903005f5e36e2bb709a98aa"},"breadcrumb":{"@id":"https:\/\/technews.al\/?p=7736#breadcrumb"},"inLanguage":"en-US","potentialAction":[{"@type":"ReadAction","target":["https:\/\/technews.al\/?p=7736"]}]},{"@type":"ImageObject","inLanguage":"en-US","@id":"https:\/\/technews.al\/?p=7736#primaryimage","url":"https:\/\/technews.al\/wp-content\/uploads\/2022\/11\/112922962_apple.jpg","contentUrl":"https:\/\/technews.al\/wp-content\/uploads\/2022\/11\/112922962_apple.jpg","width":976,"height":549},{"@type":"BreadcrumbList","@id":"https:\/\/technews.al\/?p=7736#breadcrumb","itemListElement":[{"@type":"ListItem","position":1,"name":"Home","item":"https:\/\/technews.al\/"},{"@type":"ListItem","position":2,"name":"Headseti VR &#8216;Reality Pro&#8217; i Apple duket si nj\u00eb pajisje monstruoze"}]},{"@type":"WebSite","@id":"https:\/\/technews.al\/#website","url":"https:\/\/technews.al\/","name":"Technews.al","description":"","potentialAction":[{"@type":"SearchAction","target":{"@type":"EntryPoint","urlTemplate":"https:\/\/technews.al\/?s={search_term_string}"},"query-input":"required name=search_term_string"}],"inLanguage":"en-US"},{"@type":"Person","@id":"https:\/\/technews.al\/#\/schema\/person\/0d9ed995a903005f5e36e2bb709a98aa","name":"Tech Expert","image":{"@type":"ImageObject","inLanguage":"en-US","@id":"https:\/\/technews.al\/#\/schema\/person\/image\/","url":"https:\/\/technews.al\/wp-content\/uploads\/2023\/11\/Untitled-design-1-96x96.jpg","contentUrl":"https:\/\/technews.al\/wp-content\/uploads\/2023\/11\/Untitled-design-1-96x96.jpg","caption":"Tech Expert"},"url":"https:\/\/technews.al\/?author=4"}]}},"_links":{"self":[{"href":"https:\/\/technews.al\/index.php?rest_route=\/wp\/v2\/posts\/7736"}],"collection":[{"href":"https:\/\/technews.al\/index.php?rest_route=\/wp\/v2\/posts"}],"about":[{"href":"https:\/\/technews.al\/index.php?rest_route=\/wp\/v2\/types\/post"}],"author":[{"embeddable":true,"href":"https:\/\/technews.al\/index.php?rest_route=\/wp\/v2\/users\/4"}],"replies":[{"embeddable":true,"href":"https:\/\/technews.al\/index.php?rest_route=%2Fwp%2Fv2%2Fcomments&post=7736"}],"version-history":[{"count":4,"href":"https:\/\/technews.al\/index.php?rest_route=\/wp\/v2\/posts\/7736\/revisions"}],"predecessor-version":[{"id":7741,"href":"https:\/\/technews.al\/index.php?rest_route=\/wp\/v2\/posts\/7736\/revisions\/7741"}],"wp:featuredmedia":[{"embeddable":true,"href":"https:\/\/technews.al\/index.php?rest_route=\/wp\/v2\/media\/2627"}],"wp:attachment":[{"href":"https:\/\/technews.al\/index.php?rest_route=%2Fwp%2Fv2%2Fmedia&parent=7736"}],"wp:term":[{"taxonomy":"category","embeddable":true,"href":"https:\/\/technews.al\/index.php?rest_route=%2Fwp%2Fv2%2Fcategories&post=7736"},{"taxonomy":"post_tag","embeddable":true,"href":"https:\/\/technews.al\/index.php?rest_route=%2Fwp%2Fv2%2Ftags&post=7736"}],"curies":[{"name":"wp","href":"https:\/\/api.w.org\/{rel}","templated":true}]}}