{"id":8042,"date":"2023-01-30T11:20:00","date_gmt":"2023-01-30T11:20:00","guid":{"rendered":"https:\/\/technews.al\/?p=8042"},"modified":"2023-01-30T10:39:04","modified_gmt":"2023-01-30T10:39:04","slug":"ne-2024-pritet-te-vij-ipad-fold","status":"publish","type":"post","link":"https:\/\/technews.al\/?p=8042","title":{"rendered":"N\u00eb 2024 pritet t\u00eb vij iPad Fold"},"content":{"rendered":"\t\t<div data-elementor-type=\"wp-post\" data-elementor-id=\"8042\" class=\"elementor elementor-8042\">\n\t\t\t\t\t\t\t\t\t<section class=\"has-el-gap el-gap-default elementor-section elementor-top-section elementor-element elementor-element-a3296d3 elementor-section-boxed elementor-section-height-default elementor-section-height-default\" data-id=\"a3296d3\" data-element_type=\"section\">\n\t\t\t\t\t\t<div class=\"elementor-container elementor-column-gap-no\">\n\t\t\t\t\t<div class=\"elementor-column elementor-col-100 elementor-top-column elementor-element elementor-element-611f039\" data-id=\"611f039\" data-element_type=\"column\">\n\t\t\t<div class=\"elementor-widget-wrap elementor-element-populated\">\n\t\t\t\t\t\t\t\t<div class=\"elementor-element elementor-element-084ef82 elementor-widget elementor-widget-text-editor\" data-id=\"084ef82\" data-element_type=\"widget\" data-widget_type=\"text-editor.default\">\n\t\t\t\t<div class=\"elementor-widget-container\">\n\t\t\t<style>\/*! elementor - v3.8.1 - 13-11-2022 *\/\n.elementor-widget-text-editor.elementor-drop-cap-view-stacked .elementor-drop-cap{background-color:#818a91;color:#fff}.elementor-widget-text-editor.elementor-drop-cap-view-framed .elementor-drop-cap{color:#818a91;border:3px solid;background-color:transparent}.elementor-widget-text-editor:not(.elementor-drop-cap-view-default) .elementor-drop-cap{margin-top:8px}.elementor-widget-text-editor:not(.elementor-drop-cap-view-default) .elementor-drop-cap-letter{width:1em;height:1em}.elementor-widget-text-editor .elementor-drop-cap{float:left;text-align:center;line-height:1;font-size:50px}.elementor-widget-text-editor .elementor-drop-cap-letter{display:inline-block}<\/style>\t\t\t\t<p>Apple mund t\u00eb jet\u00eb n\u00eb rrug\u00ebn e duhur p\u00ebr t\u00eb nxjerr\u00eb nj\u00eb iPad t\u00eb palossh\u00ebm q\u00eb n\u00eb fillim t\u00eb vitit t\u00eb ardhsh\u00ebm, sipas analistit t\u00eb zinxhirit t\u00eb furnizimit Ming-Chi Kuo. \u201cUn\u00eb jam pozitiv p\u00ebr iPad-in e palossh\u00ebm n\u00eb 2024 dhe pres q\u00eb ky model i ri t\u00eb rris\u00eb d\u00ebrgesat dhe t\u00eb p\u00ebrmir\u00ebsoj\u00eb p\u00ebrzierjen e produkteve,\u201d shkroi ai n\u00eb Twitter her\u00ebt t\u00eb h\u00ebn\u00ebn. Kuo pret q\u00eb t&#8217;i bashkohet nj\u00eb iPad Mini i rinovuar, q\u00eb do t\u00eb hyj\u00eb n\u00eb prodhim masiv n\u00eb fillim t\u00eb vitit 2024.<\/p><p>Kuo nuk ofroi shum\u00eb detaje t\u00eb reja p\u00ebr iPad-in e p\u00ebrfolur t\u00eb palossh\u00ebm, por tha se do t\u00eb ket\u00eb nj\u00eb mbajt\u00ebse &#8220;fib\u00ebr karboni&#8221; t\u00eb prodhuar nga prodhuesi kinez i komponent\u00ebve Anjie Technology.<\/p><p>Nj\u00eb dat\u00eb e l\u00ebshimit n\u00eb 2024 \u00ebsht\u00eb duksh\u00ebm m\u00eb e hershme se parashikimi i fundit i r\u00ebnd\u00ebsish\u00ebm i iPad i palossh\u00ebm, i cili erdhi nga analisti i Konsulentit t\u00eb Zinxhirit t\u00eb Furnizimit t\u00eb Display, Ross Young, shkurtin e kaluar. Ai raportoi se Apple po zhvillon nj\u00eb hibrid t\u00eb palossh\u00ebm iPad\/MacBook me nj\u00eb ekran t\u00eb palossh\u00ebm af\u00ebrsisht 20 in\u00e7, por parashikoi q\u00eb ai nuk do t\u00eb jet\u00eb gati p\u00ebr t&#8217;u l\u00ebshuar deri n\u00eb vitin 2026. Mark Gurman i Bloomberg m\u00eb von\u00eb raportoi se Apple ka qen\u00eb duke eksploruar nj\u00eb ekran t\u00eb palossh\u00ebm me dy ekrane , dhe shtoi se gjysma e poshtme e ekranit do t\u00eb sh\u00ebrbente si nj\u00eb tastier\u00eb virtuale kur pajisja p\u00ebrdoret si goc\u00eb e moluskut t\u00eb stilit MacBook.<\/p><p>Gurman nuk ofroi nj\u00eb parashikim t\u00eb sakt\u00eb t\u00eb dat\u00ebs s\u00eb l\u00ebshimit, por vuri n\u00eb dukje n\u00eb tetor se iPad i palossh\u00ebm i Apple mund t\u00eb dal\u00eb &#8220;m\u00eb von\u00eb gjat\u00eb dekad\u00ebs&#8221;.<\/p><p><blockquote class=\"twitter-tweet\" data-width=\"550\" data-dnt=\"true\"><p lang=\"en\" dir=\"ltr\">(3\/3)<br>Anjie Technology will be the new beneficiary of the all-new design foldable iPad. There may be no new iPad releases in the next 9-12 months as the iPad mini refresh is more likely to begin mass production in 1Q24.<\/p>&mdash; \u90ed\u660e\u9324 (Ming-Chi Kuo) (@mingchikuo) <a href=\"https:\/\/twitter.com\/mingchikuo\/status\/1619952791430254592?ref_src=twsrc%5Etfw\">January 30, 2023<\/a><\/blockquote><script async src=\"https:\/\/platform.twitter.com\/widgets.js\" charset=\"utf-8\"><\/script><\/p><p>\u00a0<\/p><p>Kjo nuk \u00ebsht\u00eb hera e par\u00eb q\u00eb Kuo vendos nj\u00eb dat\u00eb p\u00ebr nj\u00eb parashikim t\u00eb palossh\u00ebm t\u00eb Apple, pasi tha se nj\u00eb iPhone i palossh\u00ebm mund t\u00eb dal\u00eb n\u00eb 2023, dy vjet m\u00eb par\u00eb. Por duket se kjo mund t\u00eb jet\u00eb nj\u00eb pajisje shum\u00eb m\u00eb e vog\u00ebl me nj\u00eb madh\u00ebsi ekrani n\u00eb rajonin prej 7.5 deri n\u00eb 8 in\u00e7. Gurman madje ka raportuar se Apple ka diskutuar l\u00ebshimin e nj\u00eb pajisjeje t\u00eb palosshme me nj\u00eb madh\u00ebsi t\u00eb ngjashme ekrani me iPhone 12 Pro Max 6.7 in\u00e7. Duke pasur parasysh munges\u00ebn e thashethemeve p\u00ebr nj\u00eb iPhone t\u00eb palossh\u00ebm koh\u00ebt e fundit, \u00ebsht\u00eb e v\u00ebshtir\u00eb t\u00eb imagjinohet se do t\u00eb dal\u00eb n\u00eb vitin 2023, si\u00e7 parashikoi Kuo m\u00eb par\u00eb.<\/p><p>N\u00eb t\u00eb ardhmen m\u00eb t\u00eb af\u00ebrt, Kuo po parashikon nj\u00eb r\u00ebnie t\u00eb d\u00ebrgesave t\u00eb iPad nga 10 deri n\u00eb 15 p\u00ebr qind nga viti n\u00eb vit n\u00eb vitin 2023. Duke pasur parasysh rritjen e shitjeve q\u00eb g\u00ebzojn\u00eb shumica e kompanive t\u00eb teknologjis\u00eb s\u00eb konsumatorit gjat\u00eb bllokimeve p\u00ebr Covid, dhe r\u00ebniet q\u00eb shum\u00eb kan\u00eb p\u00ebrjetuar koh\u00ebt e fundit, nj\u00eb r\u00ebnie n\u00eb d\u00ebrgesat e tabletave k\u00ebt\u00eb vit nuk do t\u00eb ishte aq e papritur.<\/p><p>M\u00eb n\u00eb fund, Kuo pret q\u00eb iPad-i i ardhsh\u00ebm q\u00eb Apple l\u00ebshon t\u00eb jet\u00eb iPad Mini. Ai mendon se nj\u00eb model i ri do t\u00eb hyj\u00eb n\u00eb prodhim n\u00eb tremujorin e par\u00eb t\u00eb 2024, duke pasuar rifreskimin e tij t\u00eb fundit n\u00eb 2021.<\/p>\t\t\t\t\t\t<\/div>\n\t\t\t\t<\/div>\n\t\t\t\t\t<\/div>\n\t\t<\/div>\n\t\t\t\t\t\t\t<\/div>\n\t\t<\/section>\n\t\t\t\t\t\t\t<\/div>\n\t\t","protected":false},"excerpt":{"rendered":"<p>Apple mund t\u00eb jet\u00eb n\u00eb rrug\u00ebn e duhur p\u00ebr t\u00eb nxjerr\u00eb nj\u00eb iPad t\u00eb palossh\u00ebm q\u00eb n\u00eb fillim t\u00eb vitit t\u00eb ardhsh\u00ebm, sipas analistit t\u00eb zinxhirit t\u00eb furnizimit Ming-Chi Kuo. \u201cUn\u00eb jam pozitiv p\u00ebr iPad-in e palossh\u00ebm n\u00eb 2024 dhe pres q\u00eb ky model i ri t\u00eb rris\u00eb d\u00ebrgesat dhe t\u00eb p\u00ebrmir\u00ebsoj\u00eb p\u00ebrzierjen e produkteve,\u201d<\/p>\n","protected":false},"author":4,"featured_media":8043,"comment_status":"open","ping_status":"open","sticky":false,"template":"","format":"standard","meta":{"footnotes":""},"categories":[38],"tags":[],"class_list":{"0":"post-8042","1":"post","2":"type-post","3":"status-publish","4":"format-standard","5":"has-post-thumbnail","7":"category-tech"},"yoast_head":"<!-- This site is optimized with the Yoast SEO plugin v22.4 - https:\/\/yoast.com\/wordpress\/plugins\/seo\/ -->\n<title>N\u00eb 2024 pritet t\u00eb vij iPad Fold - Technews.al<\/title>\n<meta name=\"robots\" content=\"index, follow, max-snippet:-1, max-image-preview:large, max-video-preview:-1\" \/>\n<link rel=\"canonical\" href=\"https:\/\/technews.al\/?p=8042\" \/>\n<meta property=\"og:locale\" content=\"en_US\" \/>\n<meta property=\"og:type\" content=\"article\" \/>\n<meta property=\"og:title\" content=\"N\u00eb 2024 pritet t\u00eb vij iPad Fold - Technews.al\" \/>\n<meta property=\"og:description\" content=\"Apple mund t\u00eb jet\u00eb n\u00eb rrug\u00ebn e duhur p\u00ebr t\u00eb nxjerr\u00eb nj\u00eb iPad t\u00eb palossh\u00ebm q\u00eb n\u00eb fillim t\u00eb vitit t\u00eb ardhsh\u00ebm, sipas analistit t\u00eb zinxhirit t\u00eb furnizimit Ming-Chi Kuo. \u201cUn\u00eb jam pozitiv p\u00ebr iPad-in e palossh\u00ebm n\u00eb 2024 dhe pres q\u00eb ky model i ri t\u00eb rris\u00eb d\u00ebrgesat dhe t\u00eb p\u00ebrmir\u00ebsoj\u00eb p\u00ebrzierjen e produkteve,\u201d\" \/>\n<meta property=\"og:url\" content=\"https:\/\/technews.al\/?p=8042\" \/>\n<meta property=\"og:site_name\" content=\"Technews.al\" \/>\n<meta property=\"article:published_time\" content=\"2023-01-30T11:20:00+00:00\" \/>\n<meta property=\"article:modified_time\" content=\"2023-01-30T10:39:04+00:00\" \/>\n<meta property=\"og:image\" content=\"https:\/\/technews.al\/wp-content\/uploads\/2023\/01\/226361_Apple_iPad_10.9_10th_gen_DSeifert_0004.jpg\" \/>\n\t<meta property=\"og:image:width\" content=\"1400\" \/>\n\t<meta property=\"og:image:height\" content=\"1400\" \/>\n\t<meta property=\"og:image:type\" content=\"image\/jpeg\" \/>\n<meta name=\"author\" content=\"Tech Expert\" \/>\n<meta name=\"twitter:card\" content=\"summary_large_image\" \/>\n<meta name=\"twitter:label1\" content=\"Written by\" \/>\n\t<meta name=\"twitter:data1\" content=\"Tech Expert\" \/>\n\t<meta name=\"twitter:label2\" content=\"Est. reading time\" \/>\n\t<meta name=\"twitter:data2\" content=\"3 minutes\" \/>\n<script type=\"application\/ld+json\" class=\"yoast-schema-graph\">{\"@context\":\"https:\/\/schema.org\",\"@graph\":[{\"@type\":\"WebPage\",\"@id\":\"https:\/\/technews.al\/?p=8042\",\"url\":\"https:\/\/technews.al\/?p=8042\",\"name\":\"N\u00eb 2024 pritet t\u00eb vij iPad Fold - Technews.al\",\"isPartOf\":{\"@id\":\"https:\/\/technews.al\/#website\"},\"primaryImageOfPage\":{\"@id\":\"https:\/\/technews.al\/?p=8042#primaryimage\"},\"image\":{\"@id\":\"https:\/\/technews.al\/?p=8042#primaryimage\"},\"thumbnailUrl\":\"https:\/\/technews.al\/wp-content\/uploads\/2023\/01\/226361_Apple_iPad_10.9_10th_gen_DSeifert_0004.jpg\",\"datePublished\":\"2023-01-30T11:20:00+00:00\",\"dateModified\":\"2023-01-30T10:39:04+00:00\",\"author\":{\"@id\":\"https:\/\/technews.al\/#\/schema\/person\/0d9ed995a903005f5e36e2bb709a98aa\"},\"breadcrumb\":{\"@id\":\"https:\/\/technews.al\/?p=8042#breadcrumb\"},\"inLanguage\":\"en-US\",\"potentialAction\":[{\"@type\":\"ReadAction\",\"target\":[\"https:\/\/technews.al\/?p=8042\"]}]},{\"@type\":\"ImageObject\",\"inLanguage\":\"en-US\",\"@id\":\"https:\/\/technews.al\/?p=8042#primaryimage\",\"url\":\"https:\/\/technews.al\/wp-content\/uploads\/2023\/01\/226361_Apple_iPad_10.9_10th_gen_DSeifert_0004.jpg\",\"contentUrl\":\"https:\/\/technews.al\/wp-content\/uploads\/2023\/01\/226361_Apple_iPad_10.9_10th_gen_DSeifert_0004.jpg\",\"width\":1400,\"height\":1400},{\"@type\":\"BreadcrumbList\",\"@id\":\"https:\/\/technews.al\/?p=8042#breadcrumb\",\"itemListElement\":[{\"@type\":\"ListItem\",\"position\":1,\"name\":\"Home\",\"item\":\"https:\/\/technews.al\/\"},{\"@type\":\"ListItem\",\"position\":2,\"name\":\"N\u00eb 2024 pritet t\u00eb vij iPad Fold\"}]},{\"@type\":\"WebSite\",\"@id\":\"https:\/\/technews.al\/#website\",\"url\":\"https:\/\/technews.al\/\",\"name\":\"Technews.al\",\"description\":\"\",\"potentialAction\":[{\"@type\":\"SearchAction\",\"target\":{\"@type\":\"EntryPoint\",\"urlTemplate\":\"https:\/\/technews.al\/?s={search_term_string}\"},\"query-input\":\"required name=search_term_string\"}],\"inLanguage\":\"en-US\"},{\"@type\":\"Person\",\"@id\":\"https:\/\/technews.al\/#\/schema\/person\/0d9ed995a903005f5e36e2bb709a98aa\",\"name\":\"Tech Expert\",\"image\":{\"@type\":\"ImageObject\",\"inLanguage\":\"en-US\",\"@id\":\"https:\/\/technews.al\/#\/schema\/person\/image\/\",\"url\":\"https:\/\/technews.al\/wp-content\/uploads\/2023\/11\/Untitled-design-1-96x96.jpg\",\"contentUrl\":\"https:\/\/technews.al\/wp-content\/uploads\/2023\/11\/Untitled-design-1-96x96.jpg\",\"caption\":\"Tech Expert\"},\"url\":\"https:\/\/technews.al\/?author=4\"}]}<\/script>\n<!-- \/ Yoast SEO plugin. -->","yoast_head_json":{"title":"N\u00eb 2024 pritet t\u00eb vij iPad Fold - Technews.al","robots":{"index":"index","follow":"follow","max-snippet":"max-snippet:-1","max-image-preview":"max-image-preview:large","max-video-preview":"max-video-preview:-1"},"canonical":"https:\/\/technews.al\/?p=8042","og_locale":"en_US","og_type":"article","og_title":"N\u00eb 2024 pritet t\u00eb vij iPad Fold - Technews.al","og_description":"Apple mund t\u00eb jet\u00eb n\u00eb rrug\u00ebn e duhur p\u00ebr t\u00eb nxjerr\u00eb nj\u00eb iPad t\u00eb palossh\u00ebm q\u00eb n\u00eb fillim t\u00eb vitit t\u00eb ardhsh\u00ebm, sipas analistit t\u00eb zinxhirit t\u00eb furnizimit Ming-Chi Kuo. \u201cUn\u00eb jam pozitiv p\u00ebr iPad-in e palossh\u00ebm n\u00eb 2024 dhe pres q\u00eb ky model i ri t\u00eb rris\u00eb d\u00ebrgesat dhe t\u00eb p\u00ebrmir\u00ebsoj\u00eb p\u00ebrzierjen e produkteve,\u201d","og_url":"https:\/\/technews.al\/?p=8042","og_site_name":"Technews.al","article_published_time":"2023-01-30T11:20:00+00:00","article_modified_time":"2023-01-30T10:39:04+00:00","og_image":[{"width":1400,"height":1400,"url":"https:\/\/technews.al\/wp-content\/uploads\/2023\/01\/226361_Apple_iPad_10.9_10th_gen_DSeifert_0004.jpg","type":"image\/jpeg"}],"author":"Tech Expert","twitter_card":"summary_large_image","twitter_misc":{"Written by":"Tech Expert","Est. reading time":"3 minutes"},"schema":{"@context":"https:\/\/schema.org","@graph":[{"@type":"WebPage","@id":"https:\/\/technews.al\/?p=8042","url":"https:\/\/technews.al\/?p=8042","name":"N\u00eb 2024 pritet t\u00eb vij iPad Fold - Technews.al","isPartOf":{"@id":"https:\/\/technews.al\/#website"},"primaryImageOfPage":{"@id":"https:\/\/technews.al\/?p=8042#primaryimage"},"image":{"@id":"https:\/\/technews.al\/?p=8042#primaryimage"},"thumbnailUrl":"https:\/\/technews.al\/wp-content\/uploads\/2023\/01\/226361_Apple_iPad_10.9_10th_gen_DSeifert_0004.jpg","datePublished":"2023-01-30T11:20:00+00:00","dateModified":"2023-01-30T10:39:04+00:00","author":{"@id":"https:\/\/technews.al\/#\/schema\/person\/0d9ed995a903005f5e36e2bb709a98aa"},"breadcrumb":{"@id":"https:\/\/technews.al\/?p=8042#breadcrumb"},"inLanguage":"en-US","potentialAction":[{"@type":"ReadAction","target":["https:\/\/technews.al\/?p=8042"]}]},{"@type":"ImageObject","inLanguage":"en-US","@id":"https:\/\/technews.al\/?p=8042#primaryimage","url":"https:\/\/technews.al\/wp-content\/uploads\/2023\/01\/226361_Apple_iPad_10.9_10th_gen_DSeifert_0004.jpg","contentUrl":"https:\/\/technews.al\/wp-content\/uploads\/2023\/01\/226361_Apple_iPad_10.9_10th_gen_DSeifert_0004.jpg","width":1400,"height":1400},{"@type":"BreadcrumbList","@id":"https:\/\/technews.al\/?p=8042#breadcrumb","itemListElement":[{"@type":"ListItem","position":1,"name":"Home","item":"https:\/\/technews.al\/"},{"@type":"ListItem","position":2,"name":"N\u00eb 2024 pritet t\u00eb vij iPad Fold"}]},{"@type":"WebSite","@id":"https:\/\/technews.al\/#website","url":"https:\/\/technews.al\/","name":"Technews.al","description":"","potentialAction":[{"@type":"SearchAction","target":{"@type":"EntryPoint","urlTemplate":"https:\/\/technews.al\/?s={search_term_string}"},"query-input":"required name=search_term_string"}],"inLanguage":"en-US"},{"@type":"Person","@id":"https:\/\/technews.al\/#\/schema\/person\/0d9ed995a903005f5e36e2bb709a98aa","name":"Tech Expert","image":{"@type":"ImageObject","inLanguage":"en-US","@id":"https:\/\/technews.al\/#\/schema\/person\/image\/","url":"https:\/\/technews.al\/wp-content\/uploads\/2023\/11\/Untitled-design-1-96x96.jpg","contentUrl":"https:\/\/technews.al\/wp-content\/uploads\/2023\/11\/Untitled-design-1-96x96.jpg","caption":"Tech Expert"},"url":"https:\/\/technews.al\/?author=4"}]}},"_links":{"self":[{"href":"https:\/\/technews.al\/index.php?rest_route=\/wp\/v2\/posts\/8042"}],"collection":[{"href":"https:\/\/technews.al\/index.php?rest_route=\/wp\/v2\/posts"}],"about":[{"href":"https:\/\/technews.al\/index.php?rest_route=\/wp\/v2\/types\/post"}],"author":[{"embeddable":true,"href":"https:\/\/technews.al\/index.php?rest_route=\/wp\/v2\/users\/4"}],"replies":[{"embeddable":true,"href":"https:\/\/technews.al\/index.php?rest_route=%2Fwp%2Fv2%2Fcomments&post=8042"}],"version-history":[{"count":4,"href":"https:\/\/technews.al\/index.php?rest_route=\/wp\/v2\/posts\/8042\/revisions"}],"predecessor-version":[{"id":8049,"href":"https:\/\/technews.al\/index.php?rest_route=\/wp\/v2\/posts\/8042\/revisions\/8049"}],"wp:featuredmedia":[{"embeddable":true,"href":"https:\/\/technews.al\/index.php?rest_route=\/wp\/v2\/media\/8043"}],"wp:attachment":[{"href":"https:\/\/technews.al\/index.php?rest_route=%2Fwp%2Fv2%2Fmedia&parent=8042"}],"wp:term":[{"taxonomy":"category","embeddable":true,"href":"https:\/\/technews.al\/index.php?rest_route=%2Fwp%2Fv2%2Fcategories&post=8042"},{"taxonomy":"post_tag","embeddable":true,"href":"https:\/\/technews.al\/index.php?rest_route=%2Fwp%2Fv2%2Ftags&post=8042"}],"curies":[{"name":"wp","href":"https:\/\/api.w.org\/{rel}","templated":true}]}}