{"id":8066,"date":"2023-01-31T07:20:00","date_gmt":"2023-01-31T07:20:00","guid":{"rendered":"https:\/\/technews.al\/?p=8066"},"modified":"2023-01-30T22:39:25","modified_gmt":"2023-01-30T22:39:25","slug":"disa-bmw-elektrike-nuk-lajmerojne-per-kembesoret","status":"publish","type":"post","link":"https:\/\/technews.al\/?p=8066","title":{"rendered":"Disa BMW elektrike nuk lajm\u00ebrojn\u00eb p\u00ebr k\u00ebmb\u00ebsor\u00ebt"},"content":{"rendered":"\t\t<div data-elementor-type=\"wp-post\" data-elementor-id=\"8066\" class=\"elementor elementor-8066\">\n\t\t\t\t\t\t\t\t\t<section class=\"has-el-gap el-gap-default elementor-section elementor-top-section elementor-element elementor-element-0551d66 elementor-section-boxed elementor-section-height-default elementor-section-height-default\" data-id=\"0551d66\" data-element_type=\"section\">\n\t\t\t\t\t\t<div class=\"elementor-container elementor-column-gap-no\">\n\t\t\t\t\t<div class=\"elementor-column elementor-col-100 elementor-top-column elementor-element elementor-element-8e20d52\" data-id=\"8e20d52\" data-element_type=\"column\">\n\t\t\t<div class=\"elementor-widget-wrap elementor-element-populated\">\n\t\t\t\t\t\t\t\t<div class=\"elementor-element elementor-element-8a2a85c elementor-widget elementor-widget-text-editor\" data-id=\"8a2a85c\" data-element_type=\"widget\" data-widget_type=\"text-editor.default\">\n\t\t\t\t<div class=\"elementor-widget-container\">\n\t\t\t<style>\/*! elementor - v3.8.1 - 13-11-2022 *\/\n.elementor-widget-text-editor.elementor-drop-cap-view-stacked .elementor-drop-cap{background-color:#818a91;color:#fff}.elementor-widget-text-editor.elementor-drop-cap-view-framed .elementor-drop-cap{color:#818a91;border:3px solid;background-color:transparent}.elementor-widget-text-editor:not(.elementor-drop-cap-view-default) .elementor-drop-cap{margin-top:8px}.elementor-widget-text-editor:not(.elementor-drop-cap-view-default) .elementor-drop-cap-letter{width:1em;height:1em}.elementor-widget-text-editor .elementor-drop-cap{float:left;text-align:center;line-height:1;font-size:50px}.elementor-widget-text-editor .elementor-drop-cap-letter{display:inline-block}<\/style>\t\t\t\t<p>Prodhuesi i automjeteve do t\u00eb l\u00ebshoj\u00eb nj\u00eb p\u00ebrdit\u00ebsim t\u00eb softuerit p\u00ebr t\u00eb k\u00ebnaqur t\u00ebrheqjen e NHTSA.<\/p><p>BMW po t\u00ebrheq pothuajse 3,500 EV p\u00ebr shkak t\u00eb problemeve me gjeneratorin artificial t\u00eb tingullit q\u00eb ka p\u00ebr q\u00ebllim t\u00eb paralajm\u00ebroj\u00eb njer\u00ebzit kur automjetet jan\u00eb duke u mb\u00ebshtetur ose duke udh\u00ebtuar me shpejt\u00ebsi t\u00eb ul\u00ebt. Sipas faqes s\u00eb internetit t\u00eb Administrat\u00ebs Komb\u00ebtare t\u00eb Siguris\u00eb s\u00eb Trafikut n\u00eb Autostrada (NHTSA), t\u00ebrheqja vlen p\u00ebr disa modele BMW i4 dhe iX t\u00eb vitit 2022 dhe 2023.<\/p><p>Standardet federale t\u00eb siguris\u00eb k\u00ebrkojn\u00eb q\u00eb automjetet elektrike ose hibridet t\u00eb b\u00ebjn\u00eb nj\u00eb sasi t\u00eb caktuar zhurme n\u00eb m\u00ebnyr\u00eb q\u00eb k\u00ebmb\u00ebsor\u00ebt t\u00eb mund t\u00eb tregojn\u00eb se po vjen nj\u00eb makin\u00eb. Meqen\u00ebse motor\u00ebt elektrik\u00eb jan\u00eb p\u00ebrgjith\u00ebsisht mjaft t\u00eb qet\u00eb, ve\u00e7an\u00ebrisht me shpejt\u00ebsi t\u00eb ul\u00ebta (gomat ka t\u00eb ngjar\u00eb t\u00eb jen\u00eb mjaft t\u00eb zhurmshme m\u00eb vete kur ecni m\u00eb shpejt), prodhuesit e automjeteve zakonisht i b\u00ebjn\u00eb makinat e tyre t\u00eb b\u00ebjn\u00eb tinguj artificial\u00eb. Kjo shpesh p\u00ebrfundon t\u00eb jet\u00eb nj\u00eb gum\u00ebzhim\u00eb apo zhurm\u00eb futuriste; p\u00ebr modelet e performanc\u00ebs s\u00eb i4, BMW madje ka punuar me Hans Zimmer p\u00ebr t\u00eb krijuar nj\u00eb tingull q\u00eb synon t\u00eb evokoj\u00eb iden\u00eb e nj\u00eb motori me gaz<\/p><p>Problemi me makinat e prekura \u00ebsht\u00eb se sistemi q\u00eb b\u00ebn zhurm\u00ebn nuk funksionon gjithmon\u00eb. Sipas rikujtimit, &#8220;nj\u00ebsia e kontrollit t\u00eb gjeneratorit t\u00eb tingullit artificial mund t\u00eb p\u00ebsoj\u00eb nj\u00eb defekt dhe t\u00eb mos gjeneroj\u00eb tingullin e jasht\u00ebm t\u00eb paralajm\u00ebrimit t\u00eb k\u00ebmb\u00ebsor\u00ebve&#8221;.<\/p><p>Me sa duket \u00ebsht\u00eb i rregulluesh\u00ebm n\u00ebp\u00ebrmjet nj\u00eb p\u00ebrdit\u00ebsimi t\u00eb softuerit, megjith\u00ebse nuk duket se BMW po e merr qasjen Tesla p\u00ebr ta b\u00ebr\u00eb at\u00eb n\u00eb aj\u00ebr. Njoftimi i NHTSA thot\u00eb se &#8220;tregtar\u00ebt do t\u00eb p\u00ebrdit\u00ebsojn\u00eb softuerin e gjeneratorit t\u00eb jasht\u00ebm artificial t\u00eb tingullit&#8221; falas, duke n\u00ebnkuptuar se do t&#8217;ju duhet ende t\u00eb merrni makin\u00ebn tuaj p\u00ebr ta rregulluar at\u00eb. N\u00ebse zot\u00ebroni nj\u00eb nga k\u00ebto makina, mbani nj\u00eb sy p\u00ebr nj\u00eb let\u00ebr njoftimi nga BMW, e cila do t\u00eb d\u00ebrgohet m\u00eb 17 mars.<\/p>\t\t\t\t\t\t<\/div>\n\t\t\t\t<\/div>\n\t\t\t\t\t<\/div>\n\t\t<\/div>\n\t\t\t\t\t\t\t<\/div>\n\t\t<\/section>\n\t\t\t\t\t\t\t<\/div>\n\t\t","protected":false},"excerpt":{"rendered":"<p>Prodhuesi i automjeteve do t\u00eb l\u00ebshoj\u00eb nj\u00eb p\u00ebrdit\u00ebsim t\u00eb softuerit p\u00ebr t\u00eb k\u00ebnaqur t\u00ebrheqjen e NHTSA. BMW po t\u00ebrheq pothuajse 3,500 EV p\u00ebr shkak t\u00eb problemeve me gjeneratorin artificial t\u00eb tingullit q\u00eb ka p\u00ebr q\u00ebllim t\u00eb paralajm\u00ebroj\u00eb njer\u00ebzit kur automjetet jan\u00eb duke u mb\u00ebshtetur ose duke udh\u00ebtuar me shpejt\u00ebsi t\u00eb ul\u00ebt. Sipas faqes s\u00eb internetit<\/p>\n","protected":false},"author":4,"featured_media":8067,"comment_status":"open","ping_status":"open","sticky":false,"template":"","format":"standard","meta":{"footnotes":""},"categories":[38],"tags":[],"class_list":{"0":"post-8066","1":"post","2":"type-post","3":"status-publish","4":"format-standard","5":"has-post-thumbnail","7":"category-tech"},"yoast_head":"<!-- This site is optimized with the Yoast SEO plugin v22.4 - https:\/\/yoast.com\/wordpress\/plugins\/seo\/ -->\n<title>Disa BMW elektrike nuk lajm\u00ebrojn\u00eb p\u00ebr k\u00ebmb\u00ebsor\u00ebt - Technews.al<\/title>\n<meta name=\"robots\" content=\"index, follow, max-snippet:-1, max-image-preview:large, max-video-preview:-1\" \/>\n<link rel=\"canonical\" href=\"https:\/\/technews.al\/?p=8066\" \/>\n<meta property=\"og:locale\" content=\"en_US\" \/>\n<meta property=\"og:type\" content=\"article\" \/>\n<meta property=\"og:title\" content=\"Disa BMW elektrike nuk lajm\u00ebrojn\u00eb p\u00ebr k\u00ebmb\u00ebsor\u00ebt - Technews.al\" \/>\n<meta property=\"og:description\" content=\"Prodhuesi i automjeteve do t\u00eb l\u00ebshoj\u00eb nj\u00eb p\u00ebrdit\u00ebsim t\u00eb softuerit p\u00ebr t\u00eb k\u00ebnaqur t\u00ebrheqjen e NHTSA. BMW po t\u00ebrheq pothuajse 3,500 EV p\u00ebr shkak t\u00eb problemeve me gjeneratorin artificial t\u00eb tingullit q\u00eb ka p\u00ebr q\u00ebllim t\u00eb paralajm\u00ebroj\u00eb njer\u00ebzit kur automjetet jan\u00eb duke u mb\u00ebshtetur ose duke udh\u00ebtuar me shpejt\u00ebsi t\u00eb ul\u00ebt. Sipas faqes s\u00eb internetit\" \/>\n<meta property=\"og:url\" content=\"https:\/\/technews.al\/?p=8066\" \/>\n<meta property=\"og:site_name\" content=\"Technews.al\" \/>\n<meta property=\"article:published_time\" content=\"2023-01-31T07:20:00+00:00\" \/>\n<meta property=\"article:modified_time\" content=\"2023-01-30T22:39:25+00:00\" \/>\n<meta property=\"og:image\" content=\"https:\/\/technews.al\/wp-content\/uploads\/2023\/01\/BMW-Concept-i4-900x540-1.webp\" \/>\n\t<meta property=\"og:image:width\" content=\"1200\" \/>\n\t<meta property=\"og:image:height\" content=\"630\" \/>\n\t<meta property=\"og:image:type\" content=\"image\/webp\" \/>\n<meta name=\"author\" content=\"Tech Expert\" \/>\n<meta name=\"twitter:card\" content=\"summary_large_image\" \/>\n<meta name=\"twitter:label1\" content=\"Written by\" \/>\n\t<meta name=\"twitter:data1\" content=\"Tech Expert\" \/>\n\t<meta name=\"twitter:label2\" content=\"Est. reading time\" \/>\n\t<meta name=\"twitter:data2\" content=\"2 minutes\" \/>\n<script type=\"application\/ld+json\" class=\"yoast-schema-graph\">{\"@context\":\"https:\/\/schema.org\",\"@graph\":[{\"@type\":\"WebPage\",\"@id\":\"https:\/\/technews.al\/?p=8066\",\"url\":\"https:\/\/technews.al\/?p=8066\",\"name\":\"Disa BMW elektrike nuk lajm\u00ebrojn\u00eb p\u00ebr k\u00ebmb\u00ebsor\u00ebt - Technews.al\",\"isPartOf\":{\"@id\":\"https:\/\/technews.al\/#website\"},\"primaryImageOfPage\":{\"@id\":\"https:\/\/technews.al\/?p=8066#primaryimage\"},\"image\":{\"@id\":\"https:\/\/technews.al\/?p=8066#primaryimage\"},\"thumbnailUrl\":\"https:\/\/technews.al\/wp-content\/uploads\/2023\/01\/BMW-Concept-i4-900x540-1.webp\",\"datePublished\":\"2023-01-31T07:20:00+00:00\",\"dateModified\":\"2023-01-30T22:39:25+00:00\",\"author\":{\"@id\":\"https:\/\/technews.al\/#\/schema\/person\/0d9ed995a903005f5e36e2bb709a98aa\"},\"breadcrumb\":{\"@id\":\"https:\/\/technews.al\/?p=8066#breadcrumb\"},\"inLanguage\":\"en-US\",\"potentialAction\":[{\"@type\":\"ReadAction\",\"target\":[\"https:\/\/technews.al\/?p=8066\"]}]},{\"@type\":\"ImageObject\",\"inLanguage\":\"en-US\",\"@id\":\"https:\/\/technews.al\/?p=8066#primaryimage\",\"url\":\"https:\/\/technews.al\/wp-content\/uploads\/2023\/01\/BMW-Concept-i4-900x540-1.webp\",\"contentUrl\":\"https:\/\/technews.al\/wp-content\/uploads\/2023\/01\/BMW-Concept-i4-900x540-1.webp\",\"width\":1200,\"height\":630},{\"@type\":\"BreadcrumbList\",\"@id\":\"https:\/\/technews.al\/?p=8066#breadcrumb\",\"itemListElement\":[{\"@type\":\"ListItem\",\"position\":1,\"name\":\"Home\",\"item\":\"https:\/\/technews.al\/\"},{\"@type\":\"ListItem\",\"position\":2,\"name\":\"Disa BMW elektrike nuk lajm\u00ebrojn\u00eb p\u00ebr k\u00ebmb\u00ebsor\u00ebt\"}]},{\"@type\":\"WebSite\",\"@id\":\"https:\/\/technews.al\/#website\",\"url\":\"https:\/\/technews.al\/\",\"name\":\"Technews.al\",\"description\":\"\",\"potentialAction\":[{\"@type\":\"SearchAction\",\"target\":{\"@type\":\"EntryPoint\",\"urlTemplate\":\"https:\/\/technews.al\/?s={search_term_string}\"},\"query-input\":\"required name=search_term_string\"}],\"inLanguage\":\"en-US\"},{\"@type\":\"Person\",\"@id\":\"https:\/\/technews.al\/#\/schema\/person\/0d9ed995a903005f5e36e2bb709a98aa\",\"name\":\"Tech Expert\",\"image\":{\"@type\":\"ImageObject\",\"inLanguage\":\"en-US\",\"@id\":\"https:\/\/technews.al\/#\/schema\/person\/image\/\",\"url\":\"https:\/\/technews.al\/wp-content\/uploads\/2023\/11\/Untitled-design-1-96x96.jpg\",\"contentUrl\":\"https:\/\/technews.al\/wp-content\/uploads\/2023\/11\/Untitled-design-1-96x96.jpg\",\"caption\":\"Tech Expert\"},\"url\":\"https:\/\/technews.al\/?author=4\"}]}<\/script>\n<!-- \/ Yoast SEO plugin. -->","yoast_head_json":{"title":"Disa BMW elektrike nuk lajm\u00ebrojn\u00eb p\u00ebr k\u00ebmb\u00ebsor\u00ebt - Technews.al","robots":{"index":"index","follow":"follow","max-snippet":"max-snippet:-1","max-image-preview":"max-image-preview:large","max-video-preview":"max-video-preview:-1"},"canonical":"https:\/\/technews.al\/?p=8066","og_locale":"en_US","og_type":"article","og_title":"Disa BMW elektrike nuk lajm\u00ebrojn\u00eb p\u00ebr k\u00ebmb\u00ebsor\u00ebt - Technews.al","og_description":"Prodhuesi i automjeteve do t\u00eb l\u00ebshoj\u00eb nj\u00eb p\u00ebrdit\u00ebsim t\u00eb softuerit p\u00ebr t\u00eb k\u00ebnaqur t\u00ebrheqjen e NHTSA. BMW po t\u00ebrheq pothuajse 3,500 EV p\u00ebr shkak t\u00eb problemeve me gjeneratorin artificial t\u00eb tingullit q\u00eb ka p\u00ebr q\u00ebllim t\u00eb paralajm\u00ebroj\u00eb njer\u00ebzit kur automjetet jan\u00eb duke u mb\u00ebshtetur ose duke udh\u00ebtuar me shpejt\u00ebsi t\u00eb ul\u00ebt. Sipas faqes s\u00eb internetit","og_url":"https:\/\/technews.al\/?p=8066","og_site_name":"Technews.al","article_published_time":"2023-01-31T07:20:00+00:00","article_modified_time":"2023-01-30T22:39:25+00:00","og_image":[{"width":1200,"height":630,"url":"https:\/\/technews.al\/wp-content\/uploads\/2023\/01\/BMW-Concept-i4-900x540-1.webp","type":"image\/webp"}],"author":"Tech Expert","twitter_card":"summary_large_image","twitter_misc":{"Written by":"Tech Expert","Est. reading time":"2 minutes"},"schema":{"@context":"https:\/\/schema.org","@graph":[{"@type":"WebPage","@id":"https:\/\/technews.al\/?p=8066","url":"https:\/\/technews.al\/?p=8066","name":"Disa BMW elektrike nuk lajm\u00ebrojn\u00eb p\u00ebr k\u00ebmb\u00ebsor\u00ebt - Technews.al","isPartOf":{"@id":"https:\/\/technews.al\/#website"},"primaryImageOfPage":{"@id":"https:\/\/technews.al\/?p=8066#primaryimage"},"image":{"@id":"https:\/\/technews.al\/?p=8066#primaryimage"},"thumbnailUrl":"https:\/\/technews.al\/wp-content\/uploads\/2023\/01\/BMW-Concept-i4-900x540-1.webp","datePublished":"2023-01-31T07:20:00+00:00","dateModified":"2023-01-30T22:39:25+00:00","author":{"@id":"https:\/\/technews.al\/#\/schema\/person\/0d9ed995a903005f5e36e2bb709a98aa"},"breadcrumb":{"@id":"https:\/\/technews.al\/?p=8066#breadcrumb"},"inLanguage":"en-US","potentialAction":[{"@type":"ReadAction","target":["https:\/\/technews.al\/?p=8066"]}]},{"@type":"ImageObject","inLanguage":"en-US","@id":"https:\/\/technews.al\/?p=8066#primaryimage","url":"https:\/\/technews.al\/wp-content\/uploads\/2023\/01\/BMW-Concept-i4-900x540-1.webp","contentUrl":"https:\/\/technews.al\/wp-content\/uploads\/2023\/01\/BMW-Concept-i4-900x540-1.webp","width":1200,"height":630},{"@type":"BreadcrumbList","@id":"https:\/\/technews.al\/?p=8066#breadcrumb","itemListElement":[{"@type":"ListItem","position":1,"name":"Home","item":"https:\/\/technews.al\/"},{"@type":"ListItem","position":2,"name":"Disa BMW elektrike nuk lajm\u00ebrojn\u00eb p\u00ebr k\u00ebmb\u00ebsor\u00ebt"}]},{"@type":"WebSite","@id":"https:\/\/technews.al\/#website","url":"https:\/\/technews.al\/","name":"Technews.al","description":"","potentialAction":[{"@type":"SearchAction","target":{"@type":"EntryPoint","urlTemplate":"https:\/\/technews.al\/?s={search_term_string}"},"query-input":"required name=search_term_string"}],"inLanguage":"en-US"},{"@type":"Person","@id":"https:\/\/technews.al\/#\/schema\/person\/0d9ed995a903005f5e36e2bb709a98aa","name":"Tech Expert","image":{"@type":"ImageObject","inLanguage":"en-US","@id":"https:\/\/technews.al\/#\/schema\/person\/image\/","url":"https:\/\/technews.al\/wp-content\/uploads\/2023\/11\/Untitled-design-1-96x96.jpg","contentUrl":"https:\/\/technews.al\/wp-content\/uploads\/2023\/11\/Untitled-design-1-96x96.jpg","caption":"Tech Expert"},"url":"https:\/\/technews.al\/?author=4"}]}},"_links":{"self":[{"href":"https:\/\/technews.al\/index.php?rest_route=\/wp\/v2\/posts\/8066"}],"collection":[{"href":"https:\/\/technews.al\/index.php?rest_route=\/wp\/v2\/posts"}],"about":[{"href":"https:\/\/technews.al\/index.php?rest_route=\/wp\/v2\/types\/post"}],"author":[{"embeddable":true,"href":"https:\/\/technews.al\/index.php?rest_route=\/wp\/v2\/users\/4"}],"replies":[{"embeddable":true,"href":"https:\/\/technews.al\/index.php?rest_route=%2Fwp%2Fv2%2Fcomments&post=8066"}],"version-history":[{"count":4,"href":"https:\/\/technews.al\/index.php?rest_route=\/wp\/v2\/posts\/8066\/revisions"}],"predecessor-version":[{"id":8072,"href":"https:\/\/technews.al\/index.php?rest_route=\/wp\/v2\/posts\/8066\/revisions\/8072"}],"wp:featuredmedia":[{"embeddable":true,"href":"https:\/\/technews.al\/index.php?rest_route=\/wp\/v2\/media\/8067"}],"wp:attachment":[{"href":"https:\/\/technews.al\/index.php?rest_route=%2Fwp%2Fv2%2Fmedia&parent=8066"}],"wp:term":[{"taxonomy":"category","embeddable":true,"href":"https:\/\/technews.al\/index.php?rest_route=%2Fwp%2Fv2%2Fcategories&post=8066"},{"taxonomy":"post_tag","embeddable":true,"href":"https:\/\/technews.al\/index.php?rest_route=%2Fwp%2Fv2%2Ftags&post=8066"}],"curies":[{"name":"wp","href":"https:\/\/api.w.org\/{rel}","templated":true}]}}